{"id":106,"date":"2008-11-30T13:14:01","date_gmt":"2008-11-30T11:14:01","guid":{"rendered":"http:\/\/www.spd-brensbach.de\/?p=106"},"modified":"2017-04-21T19:40:26","modified_gmt":"2017-04-21T17:40:26","slug":"sieben-145m-hohe-windkraftrader-an-der-grenze-zu-brensbach","status":"publish","type":"post","link":"https:\/\/www.spd-brensbach.de\/?p=106","title":{"rendered":"Sieben 145 Meter hohe Windkraftr\u00e4der an der Grenze zu Brensbach?"},"content":{"rendered":"<p>Dieter Strathe von der Firma juwi schlug den im Lengfelder Feuerwehrhaus versammelten Gemeindevertretern ein ganz konkretes Projekt vor: die Errichtung von sieben Windr\u00e4dern im M\u00e4rkerwald zwischen Ober-Klingen und dem Brensbacher Ortsteil Mummenroth. Hierbei w\u00fcrden sicherlich einiges an Waldbest\u00e4nden sterben m\u00fcssen.<\/p>\n<p>F\u00fcr den Standort sind Anlagen des deutschen Herstellers &#8222;Enercon&#8220; im Gespr\u00e4ch. Es handelt sich um einen neuen Typ der Zwei-Megawatt-Klasse, sozusagen ein &#8222;Rolls Royce&#8220; unter den Windenergieanlagen, vom friesischen Hersteller f\u00fcrs deutsche Binnenland konzipiert und dort geeignet, bis zu 1250 Haushalte mit Strom zu versorgen.<\/p>\n<p>Vier Millionen Euro kostet das St\u00fcck, ist im Gegensatz zum Rolls Royce getriebelos und damit besonders wartungsarm. Die &#8222;E 82&#8220; hat einen \u00fcber 100 Meter hohen Mast, und an der Nabe sind 45 Meter lange Rotorbl\u00e4tter befestigt &#8211; macht einen Propellerdurchmesser von 90 Meter. Damit ist der K\u00f6lner Dom nur 12 m h\u00f6her als die jeweils sieben Windr\u00e4der, besitzt aber daf\u00fcr nur zwei T\u00fcrme.<\/p>\n","protected":false},"excerpt":{"rendered":"<p>Dieter Strathe von der Firma juwi schlug den im Lengfelder Feuerwehrhaus versammelten Gemeindevertretern ein ganz konkretes Projekt vor: die Errichtung von sieben Windr\u00e4dern im M\u00e4rkerwald zwischen Ober-Klingen und dem Brensbacher Ortsteil Mummenroth. Hierbei w\u00fcrden sicherlich einiges an Waldbest\u00e4nden sterben m\u00fcssen. F\u00fcr den Standort sind Anlagen des deutschen Herstellers &#8222;Enercon&#8220; im Gespr\u00e4ch. Es handelt sich um &hellip; <a href=\"https:\/\/www.spd-brensbach.de\/?p=106\" class=\"more-link\"><span class=\"screen-reader-text\">Sieben 145 Meter hohe Windkraftr\u00e4der an der Grenze zu Brensbach?<\/span> weiterlesen <span class=\"meta-nav\">&rarr;<\/span><\/a><\/p>\n","protected":false},"author":2,"featured_media":0,"comment_status":"open","ping_status":"closed","sticky":false,"template":"","format":"standard","meta":{"footnotes":""},"categories":[3],"tags":[],"class_list":["post-106","post","type-post","status-publish","format-standard","hentry","category-artikel"],"_links":{"self":[{"href":"https:\/\/www.spd-brensbach.de\/index.php?rest_route=\/wp\/v2\/posts\/106","targetHints":{"allow":["GET"]}}],"collection":[{"href":"https:\/\/www.spd-brensbach.de\/index.php?rest_route=\/wp\/v2\/posts"}],"about":[{"href":"https:\/\/www.spd-brensbach.de\/index.php?rest_route=\/wp\/v2\/types\/post"}],"author":[{"embeddable":true,"href":"https:\/\/www.spd-brensbach.de\/index.php?rest_route=\/wp\/v2\/users\/2"}],"replies":[{"embeddable":true,"href":"https:\/\/www.spd-brensbach.de\/index.php?rest_route=%2Fwp%2Fv2%2Fcomments&post=106"}],"version-history":[{"count":1,"href":"https:\/\/www.spd-brensbach.de\/index.php?rest_route=\/wp\/v2\/posts\/106\/revisions"}],"predecessor-version":[{"id":3912,"href":"https:\/\/www.spd-brensbach.de\/index.php?rest_route=\/wp\/v2\/posts\/106\/revisions\/3912"}],"wp:attachment":[{"href":"https:\/\/www.spd-brensbach.de\/index.php?rest_route=%2Fwp%2Fv2%2Fmedia&parent=106"}],"wp:term":[{"taxonomy":"category","embeddable":true,"href":"https:\/\/www.spd-brensbach.de\/index.php?rest_route=%2Fwp%2Fv2%2Fcategories&post=106"},{"taxonomy":"post_tag","embeddable":true,"href":"https:\/\/www.spd-brensbach.de\/index.php?rest_route=%2Fwp%2Fv2%2Ftags&post=106"}],"curies":[{"name":"wp","href":"https:\/\/api.w.org\/{rel}","templated":true}]}}