{"id":114,"date":"2008-11-30T13:13:14","date_gmt":"2008-11-30T12:13:14","guid":{"rendered":"http:\/\/www.spd-brensbach.de\/?p=114"},"modified":"2014-02-21T21:11:24","modified_gmt":"2014-02-21T20:11:24","slug":"erika-ober-im-dialog-mit-brensbacher-burgern","status":"publish","type":"post","link":"https:\/\/www.spd-brensbach.de\/?p=114","title":{"rendered":"Erika Ober im Dialog mit Brensbacher B\u00fcrgern"},"content":{"rendered":"<p>Die SPD Kandidatin f\u00fcr die Landratswahl am 8. M\u00e4rz besuchte am 26. November 2008 in Brensbach das Bannoser Theater sowie die Kleinkunstkneipe &#8222;Alte Post&#8220; und informierte sich \u00fcber die umfangreichen und ehrenamtlichen Kulturt\u00e4tigkeiten.<br \/>\nAnschlie\u00dfend stand sie im Gemeindezentrum Rede und Antwort zu ihrem Programm und der Zukunft des Odenwaldkreises.<\/p>\n","protected":false},"excerpt":{"rendered":"<p>Die SPD Kandidatin f\u00fcr die Landratswahl am 8. M\u00e4rz besuchte am 26. November 2008 in Brensbach das Bannoser Theater sowie die Kleinkunstkneipe &#8222;Alte Post&#8220; und informierte sich \u00fcber die umfangreichen und ehrenamtlichen Kulturt\u00e4tigkeiten. Anschlie\u00dfend stand sie im Gemeindezentrum Rede und Antwort zu ihrem Programm und der Zukunft des Odenwaldkreises.<\/p>\n","protected":false},"author":2,"featured_media":2815,"comment_status":"open","ping_status":"closed","sticky":false,"template":"","format":"standard","meta":{"footnotes":""},"categories":[3],"tags":[],"class_list":["post-114","post","type-post","status-publish","format-standard","has-post-thumbnail","hentry","category-artikel"],"_links":{"self":[{"href":"https:\/\/www.spd-brensbach.de\/index.php?rest_route=\/wp\/v2\/posts\/114","targetHints":{"allow":["GET"]}}],"collection":[{"href":"https:\/\/www.spd-brensbach.de\/index.php?rest_route=\/wp\/v2\/posts"}],"about":[{"href":"https:\/\/www.spd-brensbach.de\/index.php?rest_route=\/wp\/v2\/types\/post"}],"author":[{"embeddable":true,"href":"https:\/\/www.spd-brensbach.de\/index.php?rest_route=\/wp\/v2\/users\/2"}],"replies":[{"embeddable":true,"href":"https:\/\/www.spd-brensbach.de\/index.php?rest_route=%2Fwp%2Fv2%2Fcomments&post=114"}],"version-history":[{"count":2,"href":"https:\/\/www.spd-brensbach.de\/index.php?rest_route=\/wp\/v2\/posts\/114\/revisions"}],"predecessor-version":[{"id":2250,"href":"https:\/\/www.spd-brensbach.de\/index.php?rest_route=\/wp\/v2\/posts\/114\/revisions\/2250"}],"wp:featuredmedia":[{"embeddable":true,"href":"https:\/\/www.spd-brensbach.de\/index.php?rest_route=\/wp\/v2\/media\/2815"}],"wp:attachment":[{"href":"https:\/\/www.spd-brensbach.de\/index.php?rest_route=%2Fwp%2Fv2%2Fmedia&parent=114"}],"wp:term":[{"taxonomy":"category","embeddable":true,"href":"https:\/\/www.spd-brensbach.de\/index.php?rest_route=%2Fwp%2Fv2%2Fcategories&post=114"},{"taxonomy":"post_tag","embeddable":true,"href":"https:\/\/www.spd-brensbach.de\/index.php?rest_route=%2Fwp%2Fv2%2Ftags&post=114"}],"curies":[{"name":"wp","href":"https:\/\/api.w.org\/{rel}","templated":true}]}}