{"id":1259,"date":"2012-07-21T11:37:48","date_gmt":"2012-07-21T10:37:48","guid":{"rendered":"http:\/\/www.spd-brensbach.de\/?p=1259"},"modified":"2014-02-21T17:39:36","modified_gmt":"2014-02-21T16:39:36","slug":"klares-nein-zu-friedhofsschliesungen","status":"publish","type":"post","link":"https:\/\/www.spd-brensbach.de\/?p=1259","title":{"rendered":"Klares Nein zu Friedhofsschlie\u00dfungen"},"content":{"rendered":"<p>W\u00e4hrend der Debatte \u00fcber die Anhebung der Friedhofsgeb\u00fchren zogen die beiden Oppositionsfraktionen im Brensbacher Gemeindeparlament die Schlie\u00dfung von Friedh\u00f6fen in kleineren Ortsteilen in Betracht \u2013 und das aus rein finanziellen Gr\u00fcnden.<\/p>\n<p>Die SPD-Fraktion hat diesem Ansinnen energisch widersprochen und wird einer Schlie\u00dfung von Friedh\u00f6fen nicht zustimmen. Wir vertreten vielmehr die Auffassung, dass ein solch sensibles Thema nicht nur unter wirtschaftlichen Gesichtspunkten diskutiert werden darf.<br \/>\n<!--more--><\/p>\n<p>Denn der Friedhof mit seinen Grabpl\u00e4tzen als letzte Ruhest\u00e4tte der Verstorbenen ist nicht nur in unserem Kulturkreis ein Ort des Gedenkens, der Einkehr und der Trauer. Dem Friedhof kommt eine hohe, kulturelle Bedeutung zu und er ist fester Bestandteil unserer Gesellschaft.<\/p>\n<p>Zudem bergen die teilweise sehr alten Begr\u00e4bnisst\u00e4tten kulturhistorische Kleinode. Sie werden von B\u00fcrgerinnen und B\u00fcrgern auch als \u00f6ffentliche Gr\u00fcnfl\u00e4chen gesch\u00e4tzt und sind \u00f6kologisch wirksame Freir\u00e4ume f\u00fcr den Natur- und Artenschutz.<\/p>\n<p>Einen Friedhof zu schlie\u00dfen hat \u00fcberdies schwerwiegende Konsequenzen, die von den Mitgliedern der Oppositionsfraktionen wohl nicht hinreichend bedacht worden sind.<\/p>\n<p>Wie w\u00e4re beispielsweise zu verfahren, wenn jemand neben seinem verstorbenen Ehepartner bestattet werden m\u00f6chte \u2013 der aber seine letzte Ruhe auf einem Friedhof gefunden hat, auf dem keine Bestattungen mehr stattfinden d\u00fcrfen? Oder was w\u00e4re zu tun, wenn gerade das Nutzungsrecht an einem Grab f\u00fcr Jahrzehnte vergeben wurde \u2013 und ein Jahr sp\u00e4ter schlie\u00dft der Friedhof?<\/p>\n<p>Die SPD-Fraktion wird sich daher vehement f\u00fcr die Erhaltung aller Friedh\u00f6fe, auch die in kleineren Ortsteilen, einsetzen.<\/p>\n","protected":false},"excerpt":{"rendered":"<p>W\u00e4hrend der Debatte \u00fcber die Anhebung der Friedhofsgeb\u00fchren zogen die beiden Oppositionsfraktionen im Brensbacher Gemeindeparlament die Schlie\u00dfung von Friedh\u00f6fen in kleineren Ortsteilen in Betracht \u2013 und das aus rein finanziellen Gr\u00fcnden. Die SPD-Fraktion hat diesem Ansinnen energisch widersprochen und wird einer Schlie\u00dfung von Friedh\u00f6fen nicht zustimmen. Wir vertreten vielmehr die Auffassung, dass ein solch sensibles &hellip; <a href=\"https:\/\/www.spd-brensbach.de\/?p=1259\" class=\"more-link\"><span class=\"screen-reader-text\">Klares Nein zu Friedhofsschlie\u00dfungen<\/span> weiterlesen <span class=\"meta-nav\">&rarr;<\/span><\/a><\/p>\n","protected":false},"author":2,"featured_media":2787,"comment_status":"open","ping_status":"closed","sticky":false,"template":"","format":"standard","meta":{"footnotes":""},"categories":[3],"tags":[],"class_list":["post-1259","post","type-post","status-publish","format-standard","has-post-thumbnail","hentry","category-artikel"],"_links":{"self":[{"href":"https:\/\/www.spd-brensbach.de\/index.php?rest_route=\/wp\/v2\/posts\/1259","targetHints":{"allow":["GET"]}}],"collection":[{"href":"https:\/\/www.spd-brensbach.de\/index.php?rest_route=\/wp\/v2\/posts"}],"about":[{"href":"https:\/\/www.spd-brensbach.de\/index.php?rest_route=\/wp\/v2\/types\/post"}],"author":[{"embeddable":true,"href":"https:\/\/www.spd-brensbach.de\/index.php?rest_route=\/wp\/v2\/users\/2"}],"replies":[{"embeddable":true,"href":"https:\/\/www.spd-brensbach.de\/index.php?rest_route=%2Fwp%2Fv2%2Fcomments&post=1259"}],"version-history":[{"count":2,"href":"https:\/\/www.spd-brensbach.de\/index.php?rest_route=\/wp\/v2\/posts\/1259\/revisions"}],"predecessor-version":[{"id":2626,"href":"https:\/\/www.spd-brensbach.de\/index.php?rest_route=\/wp\/v2\/posts\/1259\/revisions\/2626"}],"wp:featuredmedia":[{"embeddable":true,"href":"https:\/\/www.spd-brensbach.de\/index.php?rest_route=\/wp\/v2\/media\/2787"}],"wp:attachment":[{"href":"https:\/\/www.spd-brensbach.de\/index.php?rest_route=%2Fwp%2Fv2%2Fmedia&parent=1259"}],"wp:term":[{"taxonomy":"category","embeddable":true,"href":"https:\/\/www.spd-brensbach.de\/index.php?rest_route=%2Fwp%2Fv2%2Fcategories&post=1259"},{"taxonomy":"post_tag","embeddable":true,"href":"https:\/\/www.spd-brensbach.de\/index.php?rest_route=%2Fwp%2Fv2%2Ftags&post=1259"}],"curies":[{"name":"wp","href":"https:\/\/api.w.org\/{rel}","templated":true}]}}