{"id":203,"date":"2009-02-22T12:34:53","date_gmt":"2009-02-22T11:34:53","guid":{"rendered":"http:\/\/www.spd-brensbach.de\/?p=203"},"modified":"2009-02-22T12:34:53","modified_gmt":"2009-02-22T11:34:53","slug":"arbeitsplatze-im-gersprenztal","status":"publish","type":"post","link":"https:\/\/www.spd-brensbach.de\/?p=203","title":{"rendered":"Arbeitspl\u00e4tze im Gersprenztal"},"content":{"rendered":"<p><strong>Kommt ein gemeinsames Gewerbegebiet mit Fr\u00e4nkisch-Crumbach?<\/strong><\/p>\n<p>Die s\u00fcdhessischen Gemeinden &#8211; darunter auch Brensbach und Fr\u00e4nkisch-Crumbach &#8211; sind zurzeit dabei, einen perspektivisch ausgelegten Fl\u00e4chennutzungsplan f\u00fcr die Zukunft zu erarbeiten. F\u00fcr die Erweiterung der Wohnbaufl\u00e4chen, Mischgebietsfl\u00e4chen und Gewerbegebietsfl\u00e4chen sieht die \u00fcbergeordnete Regionalplanung f\u00fcr die Gemeinden des oberen Gesprenztales nur ein begrenztes Fl\u00e4chenkontingent vor.<br \/>\nDies f\u00fchrt dazu, dass das in Fr\u00e4nkisch-Crumbach vorgesehene Gewerbegebiet auf Grund seiner exponierten Hanglage nach Auffassung der Oberen Naturschutzbeh\u00f6rde nicht genehmigungsf\u00e4hig ist und an den Ufern der Gersprenz keine neuen Bauten mehr genehmigt werden k\u00f6nnen.<\/p>\n<p>Brensbach k\u00f6nnte eine Gewerbefl\u00e4che parallel zur alten B 38 bis hin zur Zufahrt Schlachthof ausweisen. Dies wird f\u00fcr die Regionalplanung jedoch f\u00fcr Brensbach allein als fl\u00e4chenm\u00e4\u00dfig zu gro\u00df angesehen. Damit jedoch auch in unserer Region Gewerbe angesiedelt und Arbeitspl\u00e4tze geschaffen werden k\u00f6nnen, ist in Absprache mit dem Regierungspr\u00e4sidium die M\u00f6glichkeit gegeben, ein interkommunales Gewerbegebiet &#8211; das hei\u00dft, ein Gewerbegebiet f\u00fcr zwei Gemeinden &#8211; auf der vorgenannten Fl\u00e4che auszuweisen.<\/p>\n<p>Die kommunalen Gremien der beiden Gemeinden sind zurzeit dabei, diesen Gedanken zu konkretisieren, um \u00fcber kurz oder lang entsprechende Vereinbarungen treffen zu k\u00f6nnen. Dabei geht es nat\u00fcrlich auch um die Verteilung von Kosten und Gewerbesteuereinnahmen.<\/p>\n","protected":false},"excerpt":{"rendered":"<p>Kommt ein gemeinsames Gewerbegebiet mit Fr\u00e4nkisch-Crumbach? Die s\u00fcdhessischen Gemeinden &#8211; darunter auch Brensbach und Fr\u00e4nkisch-Crumbach &#8211; sind zurzeit dabei, einen perspektivisch ausgelegten Fl\u00e4chennutzungsplan f\u00fcr die Zukunft zu erarbeiten. F\u00fcr die Erweiterung der Wohnbaufl\u00e4chen, Mischgebietsfl\u00e4chen und Gewerbegebietsfl\u00e4chen sieht die \u00fcbergeordnete Regionalplanung f\u00fcr die Gemeinden des oberen Gesprenztales nur ein begrenztes Fl\u00e4chenkontingent vor. Dies f\u00fchrt dazu, dass &hellip; <a href=\"https:\/\/www.spd-brensbach.de\/?p=203\" class=\"more-link\"><span class=\"screen-reader-text\">Arbeitspl\u00e4tze im Gersprenztal<\/span> weiterlesen <span class=\"meta-nav\">&rarr;<\/span><\/a><\/p>\n","protected":false},"author":2,"featured_media":0,"comment_status":"open","ping_status":"open","sticky":false,"template":"","format":"standard","meta":{"footnotes":""},"categories":[3],"tags":[],"class_list":["post-203","post","type-post","status-publish","format-standard","hentry","category-artikel"],"_links":{"self":[{"href":"https:\/\/www.spd-brensbach.de\/index.php?rest_route=\/wp\/v2\/posts\/203","targetHints":{"allow":["GET"]}}],"collection":[{"href":"https:\/\/www.spd-brensbach.de\/index.php?rest_route=\/wp\/v2\/posts"}],"about":[{"href":"https:\/\/www.spd-brensbach.de\/index.php?rest_route=\/wp\/v2\/types\/post"}],"author":[{"embeddable":true,"href":"https:\/\/www.spd-brensbach.de\/index.php?rest_route=\/wp\/v2\/users\/2"}],"replies":[{"embeddable":true,"href":"https:\/\/www.spd-brensbach.de\/index.php?rest_route=%2Fwp%2Fv2%2Fcomments&post=203"}],"version-history":[{"count":0,"href":"https:\/\/www.spd-brensbach.de\/index.php?rest_route=\/wp\/v2\/posts\/203\/revisions"}],"wp:attachment":[{"href":"https:\/\/www.spd-brensbach.de\/index.php?rest_route=%2Fwp%2Fv2%2Fmedia&parent=203"}],"wp:term":[{"taxonomy":"category","embeddable":true,"href":"https:\/\/www.spd-brensbach.de\/index.php?rest_route=%2Fwp%2Fv2%2Fcategories&post=203"},{"taxonomy":"post_tag","embeddable":true,"href":"https:\/\/www.spd-brensbach.de\/index.php?rest_route=%2Fwp%2Fv2%2Ftags&post=203"}],"curies":[{"name":"wp","href":"https:\/\/api.w.org\/{rel}","templated":true}]}}