{"id":206,"date":"2009-02-22T12:40:03","date_gmt":"2009-02-22T11:40:03","guid":{"rendered":"http:\/\/www.spd-brensbach.de\/?p=206"},"modified":"2009-02-22T12:40:03","modified_gmt":"2009-02-22T11:40:03","slug":"erreicht-das-investitionsprogramm-ii-auch-brensbach","status":"publish","type":"post","link":"https:\/\/www.spd-brensbach.de\/?p=206","title":{"rendered":"Erreicht das Investitionsprogramm II auch Brensbach?"},"content":{"rendered":"<p>Jeder hat es in den Nachrichten verfolgen k\u00f6nnen: Als Teil der Investitionen zur Konjunkturf\u00f6rderung sollen Gelder in die Kommunen flie\u00dfen. Dazu haben die Bundesregierung und das Hessische Ministerium f\u00fcr Finanzen ein weiteres Investitionspaket aufgelegt. Hier sollen zus\u00e4tzlich Investitionen in die Infrastruktur der Kommunen und des Landes erm\u00f6glicht werden. F\u00fcr die Kommunen des Odenwaldkreises stehen 9,3 Millionen Euro zur Verf\u00fcgung. Unter Ber\u00fccksichtigung der m\u00f6glichen Investitionsmittel f\u00fcr die Schulen steht f\u00fcr den Odenwaldkreis ein Gesamtbetrag von 20,7 Millionen Euro zur Verf\u00fcgung.<\/p>\n<p>Seitens der Gemeinde gilt es nun, durch entsprechende zukunftsorientierte Ma\u00dfnahmen, dieses Investitionsprogramm so mit Inhalt zu f\u00fcllen, dass die heimische Wirtschaft davon profitieren kann und die Arbeitspl\u00e4tze in unserer Region sicher bleiben. Dazu werden zurzeit Projekte ausgearbeitet, f\u00fcr die Zusch\u00fcsse beantragt werden k\u00f6nnen. Da die Durchf\u00fchrung des Programms noch nicht in allen Einzelheiten gekl\u00e4rt ist, kann noch nicht konkret festgelegt werden, was beantragt werden kann. Sicher ist, dass keine Projekte gef\u00f6rdert werden, die entweder eine andere F\u00f6rderung (z.B. Dorferneuerung) erhalten oder die schon im Finanz- und Haushaltsplan 2009 der Gemeinden vorgesehen sind. Die Gremien der Gemeinde Brensbach werden aber in K\u00fcrze eine Liste der m\u00f6glichen Ma\u00dfnahmen erstellt haben, damit die Mittel des Investitionsprogramms auch Brensbach erreichen.<\/p>\n","protected":false},"excerpt":{"rendered":"<p>Jeder hat es in den Nachrichten verfolgen k\u00f6nnen: Als Teil der Investitionen zur Konjunkturf\u00f6rderung sollen Gelder in die Kommunen flie\u00dfen. Dazu haben die Bundesregierung und das Hessische Ministerium f\u00fcr Finanzen ein weiteres Investitionspaket aufgelegt. Hier sollen zus\u00e4tzlich Investitionen in die Infrastruktur der Kommunen und des Landes erm\u00f6glicht werden. F\u00fcr die Kommunen des Odenwaldkreises stehen 9,3 &hellip; <a href=\"https:\/\/www.spd-brensbach.de\/?p=206\" class=\"more-link\"><span class=\"screen-reader-text\">Erreicht das Investitionsprogramm II auch Brensbach?<\/span> weiterlesen <span class=\"meta-nav\">&rarr;<\/span><\/a><\/p>\n","protected":false},"author":2,"featured_media":0,"comment_status":"open","ping_status":"open","sticky":false,"template":"","format":"standard","meta":{"footnotes":""},"categories":[3],"tags":[],"class_list":["post-206","post","type-post","status-publish","format-standard","hentry","category-artikel"],"_links":{"self":[{"href":"https:\/\/www.spd-brensbach.de\/index.php?rest_route=\/wp\/v2\/posts\/206","targetHints":{"allow":["GET"]}}],"collection":[{"href":"https:\/\/www.spd-brensbach.de\/index.php?rest_route=\/wp\/v2\/posts"}],"about":[{"href":"https:\/\/www.spd-brensbach.de\/index.php?rest_route=\/wp\/v2\/types\/post"}],"author":[{"embeddable":true,"href":"https:\/\/www.spd-brensbach.de\/index.php?rest_route=\/wp\/v2\/users\/2"}],"replies":[{"embeddable":true,"href":"https:\/\/www.spd-brensbach.de\/index.php?rest_route=%2Fwp%2Fv2%2Fcomments&post=206"}],"version-history":[{"count":0,"href":"https:\/\/www.spd-brensbach.de\/index.php?rest_route=\/wp\/v2\/posts\/206\/revisions"}],"wp:attachment":[{"href":"https:\/\/www.spd-brensbach.de\/index.php?rest_route=%2Fwp%2Fv2%2Fmedia&parent=206"}],"wp:term":[{"taxonomy":"category","embeddable":true,"href":"https:\/\/www.spd-brensbach.de\/index.php?rest_route=%2Fwp%2Fv2%2Fcategories&post=206"},{"taxonomy":"post_tag","embeddable":true,"href":"https:\/\/www.spd-brensbach.de\/index.php?rest_route=%2Fwp%2Fv2%2Ftags&post=206"}],"curies":[{"name":"wp","href":"https:\/\/api.w.org\/{rel}","templated":true}]}}