{"id":2088,"date":"2013-12-23T14:36:20","date_gmt":"2013-12-23T13:36:20","guid":{"rendered":"http:\/\/www.spd-brensbach.de\/?p=2088"},"modified":"2018-01-26T14:21:27","modified_gmt":"2018-01-26T13:21:27","slug":"frohe-weihnacht-und-ein-gutes-neues-jahr","status":"publish","type":"post","link":"https:\/\/www.spd-brensbach.de\/?p=2088","title":{"rendered":"Ein frohes Weihnachtsfest und ein gutes neues Jahr"},"content":{"rendered":"<p>Liebe Mitb\u00fcrgerinnen und Mitb\u00fcrger,<\/p>\n<p>Weihnachten und Silvester stehen unmittelbar bevor \u2013 das Jahr ist fast vergangen und ein neues erwartet uns. Gerade in diesen stillen Tagen schaut man gerne zur\u00fcck, l\u00e4sst das hinter sich liegende Jahr noch einmal Revue passieren und zieht Bilanz.<\/p>\n<p>Die Brensbacher Sozialdemokraten k\u00f6nnen auf ein arbeitsreiches und erfolgreiches Jahr blicken, in dem sie ma\u00dfgeblich dazu beigetragen haben, dass sich unsere Gemeinde weiter positiv entwickelt. Denn trotz erheblicher Investitionen, kann die Gemeinde im kommenden Jahr einen ausgeglichenen Haushalt vorlegen.<br \/>\n<!--more--><\/p>\n<p>Brensbach steht jedoch weiter vor Herausforderungen, die es gemeinsam zu meistern gilt. So m\u00fcssen wir der prek\u00e4ren Finanzausstattung der Kommunen entgegenwirken, unter der auch unsere Gemeinde zu leiden hat. Unter der neuen schwarz-gr\u00fcnen Landesregierung ist hier leider keine Entspannung zu erwarten. Auch den anstehenden B\u00fcrgermeisterwechsel im Juni n\u00e4chsten Jahres werden wir intensiv begleiten, um einen reibungslosen \u00dcbergang zu gew\u00e4hrleisten.<\/p>\n<p>Wir werden mit Kompetenz, Erfahrung und viel Engagement die seri\u00f6se, auf Nachhaltigkeit ausgerichtete Politik der vergangenen Jahre auch 2014 fortsetzen, zum Wohle aller B\u00fcrgerinnen und B\u00fcrger von Brensbach.<\/p>\n<p>Die bevorstehenden Festtage m\u00f6chten wir zum Anlass nehmen, all denen herzlich zu danken, die sich f\u00fcr unsere Gemeinschaft einsetzen und unsere Gemeinde dadurch erst lebens- und liebenswert machen.<br \/>\nLassen Sie uns die bevorstehenden Feiertage auch dazu nutzen, ein wenig innezuhalten und etwas Abstand zu gewinnen von den Sorgen und N\u00f6ten des Alltags, um damit wieder Kraft f\u00fcr die anstehenden Aufgaben zu sch\u00f6pfen.<\/p>\n<p>Wir w\u00fcnschen Ihnen im Namen der Brensbacher SPD ein frohes und besinnliches Weihnachtsfest sowie f\u00fcr das neue Jahr pers\u00f6nliches Wohlergehen, Erfolg und vor allem Gesundheit.<\/p>\n<p>Reiner M\u00fcller (Fraktionsvorsitzender)<br \/>\nKlaus-Dieter Schmidt (1. Vorsitzender)<\/p>\n<p><small>Foto: Meike Pantel \/ <a href=\"http:\/\/www.pixelio.de\/\" title=\"pixelio\" target=\"_blank\">pixelio<\/a><\/small><\/p>\n","protected":false},"excerpt":{"rendered":"<p>Liebe Mitb\u00fcrgerinnen und Mitb\u00fcrger, Weihnachten und Silvester stehen unmittelbar bevor \u2013 das Jahr ist fast vergangen und ein neues erwartet uns. Gerade in diesen stillen Tagen schaut man gerne zur\u00fcck, l\u00e4sst das hinter sich liegende Jahr noch einmal Revue passieren und zieht Bilanz. Die Brensbacher Sozialdemokraten k\u00f6nnen auf ein arbeitsreiches und erfolgreiches Jahr blicken, in &hellip; <a href=\"https:\/\/www.spd-brensbach.de\/?p=2088\" class=\"more-link\"><span class=\"screen-reader-text\">Ein frohes Weihnachtsfest und ein gutes neues Jahr<\/span> weiterlesen <span class=\"meta-nav\">&rarr;<\/span><\/a><\/p>\n","protected":false},"author":2,"featured_media":2828,"comment_status":"open","ping_status":"closed","sticky":false,"template":"","format":"standard","meta":{"footnotes":""},"categories":[3],"tags":[],"class_list":["post-2088","post","type-post","status-publish","format-standard","has-post-thumbnail","hentry","category-artikel"],"_links":{"self":[{"href":"https:\/\/www.spd-brensbach.de\/index.php?rest_route=\/wp\/v2\/posts\/2088","targetHints":{"allow":["GET"]}}],"collection":[{"href":"https:\/\/www.spd-brensbach.de\/index.php?rest_route=\/wp\/v2\/posts"}],"about":[{"href":"https:\/\/www.spd-brensbach.de\/index.php?rest_route=\/wp\/v2\/types\/post"}],"author":[{"embeddable":true,"href":"https:\/\/www.spd-brensbach.de\/index.php?rest_route=\/wp\/v2\/users\/2"}],"replies":[{"embeddable":true,"href":"https:\/\/www.spd-brensbach.de\/index.php?rest_route=%2Fwp%2Fv2%2Fcomments&post=2088"}],"version-history":[{"count":14,"href":"https:\/\/www.spd-brensbach.de\/index.php?rest_route=\/wp\/v2\/posts\/2088\/revisions"}],"predecessor-version":[{"id":4102,"href":"https:\/\/www.spd-brensbach.de\/index.php?rest_route=\/wp\/v2\/posts\/2088\/revisions\/4102"}],"wp:featuredmedia":[{"embeddable":true,"href":"https:\/\/www.spd-brensbach.de\/index.php?rest_route=\/wp\/v2\/media\/2828"}],"wp:attachment":[{"href":"https:\/\/www.spd-brensbach.de\/index.php?rest_route=%2Fwp%2Fv2%2Fmedia&parent=2088"}],"wp:term":[{"taxonomy":"category","embeddable":true,"href":"https:\/\/www.spd-brensbach.de\/index.php?rest_route=%2Fwp%2Fv2%2Fcategories&post=2088"},{"taxonomy":"post_tag","embeddable":true,"href":"https:\/\/www.spd-brensbach.de\/index.php?rest_route=%2Fwp%2Fv2%2Ftags&post=2088"}],"curies":[{"name":"wp","href":"https:\/\/api.w.org\/{rel}","templated":true}]}}