{"id":2450,"date":"2014-01-13T13:00:38","date_gmt":"2014-01-13T12:00:38","guid":{"rendered":"http:\/\/www.spd-brensbach.de\/?p=2450"},"modified":"2018-01-26T14:37:48","modified_gmt":"2018-01-26T13:37:48","slug":"neujahrsempfang-der-spd-brensbach-besticht-durch-information-und-unterhaltung","status":"publish","type":"post","link":"https:\/\/www.spd-brensbach.de\/?p=2450","title":{"rendered":"Neujahrsempfang der SPD Brensbach besticht durch Information und Unterhaltung"},"content":{"rendered":"<p><strong>Sehr gut besucht und von einem attraktiven Programm gepr\u00e4gt war am 10. Januar der Neujahrsempfang des SPD-Ortsvereins Brensbach in der Kulturhalle im Gemeindezentrum.<\/strong><\/p>\n<p>Stellvertretend f\u00fcr den aus famili\u00e4ren Gr\u00fcnden verhinderten Vorsitzenden Klaus-Dieter Schmidt begr\u00fc\u00dfte der Fraktionsvorsitzende der Brensbacher Sozialdemokraten, Reiner M\u00fcller, Besucher und prominente G\u00e4ste. Der Bundestagsabgeordnete Dr. Jens Zimmermann, der Unterbezirksvorsitzende Oliver Grobeis sowie Landrat a.D. Horst Schnur und die ehemalige Bundestagsabgeordnete Dr. Erika Ober waren zu dem Empfang gekommen. \u00dcberdies konnte er neben B\u00fcrgermeister Hans-Georg Stosiek und Ehrenb\u00fcrgermeister Willi Riedel Besuchsdelegationen aus dem Oberen Gersprenztal einschlie\u00dflich einer Abordnung der Jusos Gersprenztal willkommen hei\u00dfen.<br \/>\n<!--more--><\/p>\n<p>Reiner M\u00fcller w\u00fcrdigte das hohe Engagement des Vorsitzenden Klaus-Dieter Schmidt f\u00fcr den Ortsverein und dankte ihm besonders f\u00fcr die gute Organisation der Veranstaltung. Sein besonderer Dank galt auch den Fraktionsmitgliedern f\u00fcr ihre Disziplin und Sachkompetenz.<\/p>\n<p>Anschlie\u00dfend \u00fcbernahm B\u00fcrgermeisterkandidat Rainer M\u00fcller in gekonnter Manier die Moderation des Abends. F\u00fcr die Einstimmung sorgte der Mundarts\u00e4nger und Gitarrist J\u00fcrgen Poth aus Spachbr\u00fccken, besser bekannt als \u201eReinheimer Guggugg\u201c. Gem\u00e4\u00df dem Motto \u201edehoam schw\u00e4tz mer wie\u00b4s Maul gewachse is\u201c trug er mit seiner Gitarre erfrischend humorvolle Weisen im Odenw\u00e4lder Dialekt mit vorwiegend regionalem Bezug vor. Neben einer Ode an die Gersprenz sorgte ein viersprachiges Lied vom Babylon im Odenwald f\u00fcr Erheiterung, das in einem sprachlichen Potpourri \u00fcber einen zerst\u00f6rten Imbissstand auf der Neunkirchner H\u00f6he endete.<\/p>\n<p>Dr. Jens Zimmermann berichtete im Anschluss von seinen ersten Eindr\u00fccken als neu gew\u00e4hlter Bundestagsabgeordneter in Berlin und wusste zu berichten, dass auch dort das Thema \u201eOdenwaldh\u00f6lle\u201c angekommen ist. Er bedauerte die Welle, die der Bericht einer nicht repr\u00e4sentativen Redakteurin ausl\u00f6ste. Er mahnte aber auch an, dass es sich die Politiker mit diesem Thema nicht zu einfach machen m\u00f6gen. Durch den demografischen Wandel gelte es sehr wohl alle Bem\u00fchungen darauf auszurichten, eine weitere Verschlechterung der Lebensbedingungen in der l\u00e4ndlichen Region zu verhindern.<\/p>\n<p>Im dann folgenden Programmpunkt las Landrat a.D. Horst Schnur drei humorvolle Anekdoten aus seinen Erinnerungen vor, die in Buchform unter dem Titel \u201eR\u00fcckspiegel &#8211; bevor ich es vergesse\u201c erschienen sind. F\u00fcr seine Lesung und die f\u00fcr ihn typischen Kommentierungen erntete der Autor viel Applaus.<\/p>\n<p>Nach einer Pause, in der auch deftige Wurstplatten mit Kochk\u00e4se gereicht wurden, ehrten Oliver Grobeis, Dr. Jens Zimmermann und Fraktionsvorsitzender Reiner M\u00fcller verdiente SPD-Mitglieder. F\u00fcr 25-j\u00e4hrige Vereinstreue erhielten Sigrid V\u00f6lker und Daniela Abraham-Grimm (vertreten durch ihren Sohn Simon) jeweils eine Urkunde, die dazugeh\u00f6rende Nadel und ein Pr\u00e4sent. F\u00fcr 40-j\u00e4hrige Verbundenheit wurde Michael Hansetz geehrt.<\/p>\n<figure id=\"attachment_2746\" aria-describedby=\"caption-attachment-2746\" style=\"width: 1038px\" class=\"wp-caption alignnone\"><a href=\"\/wp-content\/uploads\/2014\/01\/neujahrsempfang_2014-01-10.jpg\"><img loading=\"lazy\" decoding=\"async\" src=\"\/wp-content\/uploads\/2014\/01\/neujahrsempfang_2014-01-10.jpg\" alt=\"v.l.n.r. Michael Hansetz (40 Jahre), Fraktionsvorsitzender Reiner M\u00fcller, Simon Stephan (f\u00fcr Daniela Abraham-Grimm: 25 Jahre), Sigrid V\u00f6lker (25 Jahre), Bundestagsabgeordneter Dr. Jens Zimmermann, B\u00fcrgermeisterkandidat Rainer M\u00fcller, Unterbezirksvorsitzender Oliver Grobeis.\" width=\"1038\" height=\"576\" class=\"size-full wp-image-2746\" \/><\/a><figcaption id=\"caption-attachment-2746\" class=\"wp-caption-text\">v.l.n.r. Michael Hansetz (40 Jahre), Fraktionsvorsitzender Reiner M\u00fcller, Simon Stephan (f\u00fcr Daniela Abraham-Grimm: 25 Jahre), Sigrid V\u00f6lker (25 Jahre), Bundestagsabgeordneter Dr. Jens Zimmermann, B\u00fcrgermeisterkandidat Rainer M\u00fcller, Unterbezirksvorsitzender Oliver Grobeis.<\/figcaption><\/figure>\n<p>Anschlie\u00dfend stellte Rainer M\u00fcller den Anwesenden seine Ziele als B\u00fcrgermeisterkandidat unter dem Motto \u201eBrensbach gemeinsam gestalten &#8211; Miteinander und F\u00fcreinander\u201c vor. Neben dem Thema Familienfreundlichkeit von Jung bis Alt bilden unter anderem die Themen Finanzpolitik, Wachstum durch F\u00f6rderung des Gewerbes, solide Finanzpolitik sowie F\u00f6rderung und Forderung von b\u00fcrgerschaftlichem Engagement die S\u00e4ulen seines Programms. Bei all der Vielfalt und Komplexit\u00e4t der Themen will Rainer M\u00fcller den Dialog mit den B\u00fcrgerinnen und B\u00fcrgern vertiefen und verst\u00e4rkt f\u00fcr die Transparenz von Entscheidungen sorgen. Im \u00dcbrigen verwies er auf die aktuell in den Ortsteilen abgehaltenen Vorstellungsgespr\u00e4che.<\/p>\n<p>Zum Ausklang stimmte der \u201eGuggugg\u201c noch paar Weisen an, gesanglich im Refrain unterst\u00fctzt durch die Besucher. Kr\u00f6nender Abschluss seines Auftritts und des Abends bildete die Hymne an den Odenw\u00e4lder Dialekt.<br \/>\nZusammenfassend ist festzustellen, dass dieser kurzweilige Neujahrsempfang bei den G\u00e4sten auf gro\u00dfe Resonanz stie\u00df und eine Bereicherung f\u00fcr das kulturelle Leben der Gemeinde darstellte, was ganz im Sinne von B\u00fcrgermeisterkandidat Rainer M\u00fcller war.<\/p>\n<p>Ein besonderer Dank gilt dem flei\u00dfigen Helferteam um Familie Sonja und Michael Maurer und den Jusos, die f\u00fcr den organisatorischen Rahmen und das leibliche Wohl w\u00e4hrend der Veranstaltung sorgten.<\/p>\n<p><small>Fotos: Rolf Wilkes<\/small><\/p>\n","protected":false},"excerpt":{"rendered":"<p>Sehr gut besucht und von einem attraktiven Programm gepr\u00e4gt war am 10. Januar der Neujahrsempfang des SPD-Ortsvereins Brensbach in der Kulturhalle im Gemeindezentrum. Stellvertretend f\u00fcr den aus famili\u00e4ren Gr\u00fcnden verhinderten Vorsitzenden Klaus-Dieter Schmidt begr\u00fc\u00dfte der Fraktionsvorsitzende der Brensbacher Sozialdemokraten, Reiner M\u00fcller, Besucher und prominente G\u00e4ste. Der Bundestagsabgeordnete Dr. Jens Zimmermann, der Unterbezirksvorsitzende Oliver Grobeis sowie &hellip; <a href=\"https:\/\/www.spd-brensbach.de\/?p=2450\" class=\"more-link\"><span class=\"screen-reader-text\">Neujahrsempfang der SPD Brensbach besticht durch Information und Unterhaltung<\/span> weiterlesen <span class=\"meta-nav\">&rarr;<\/span><\/a><\/p>\n","protected":false},"author":2,"featured_media":2725,"comment_status":"open","ping_status":"closed","sticky":false,"template":"","format":"standard","meta":{"footnotes":""},"categories":[3],"tags":[],"class_list":["post-2450","post","type-post","status-publish","format-standard","has-post-thumbnail","hentry","category-artikel"],"_links":{"self":[{"href":"https:\/\/www.spd-brensbach.de\/index.php?rest_route=\/wp\/v2\/posts\/2450","targetHints":{"allow":["GET"]}}],"collection":[{"href":"https:\/\/www.spd-brensbach.de\/index.php?rest_route=\/wp\/v2\/posts"}],"about":[{"href":"https:\/\/www.spd-brensbach.de\/index.php?rest_route=\/wp\/v2\/types\/post"}],"author":[{"embeddable":true,"href":"https:\/\/www.spd-brensbach.de\/index.php?rest_route=\/wp\/v2\/users\/2"}],"replies":[{"embeddable":true,"href":"https:\/\/www.spd-brensbach.de\/index.php?rest_route=%2Fwp%2Fv2%2Fcomments&post=2450"}],"version-history":[{"count":28,"href":"https:\/\/www.spd-brensbach.de\/index.php?rest_route=\/wp\/v2\/posts\/2450\/revisions"}],"predecessor-version":[{"id":4112,"href":"https:\/\/www.spd-brensbach.de\/index.php?rest_route=\/wp\/v2\/posts\/2450\/revisions\/4112"}],"wp:featuredmedia":[{"embeddable":true,"href":"https:\/\/www.spd-brensbach.de\/index.php?rest_route=\/wp\/v2\/media\/2725"}],"wp:attachment":[{"href":"https:\/\/www.spd-brensbach.de\/index.php?rest_route=%2Fwp%2Fv2%2Fmedia&parent=2450"}],"wp:term":[{"taxonomy":"category","embeddable":true,"href":"https:\/\/www.spd-brensbach.de\/index.php?rest_route=%2Fwp%2Fv2%2Fcategories&post=2450"},{"taxonomy":"post_tag","embeddable":true,"href":"https:\/\/www.spd-brensbach.de\/index.php?rest_route=%2Fwp%2Fv2%2Ftags&post=2450"}],"curies":[{"name":"wp","href":"https:\/\/api.w.org\/{rel}","templated":true}]}}