{"id":2591,"date":"2014-01-30T16:00:30","date_gmt":"2014-01-30T15:00:30","guid":{"rendered":"http:\/\/www.spd-brensbach.de\/?p=2591"},"modified":"2018-01-26T14:19:04","modified_gmt":"2018-01-26T13:19:04","slug":"dr-jens-zimmermann-seit-100-tagen-im-bundestag","status":"publish","type":"post","link":"https:\/\/www.spd-brensbach.de\/?p=2591","title":{"rendered":"Dr. Jens Zimmermann seit 100 Tagen im Bundestag"},"content":{"rendered":"<p><strong>Eine wichtige Etappe hat Dr. Jens Zimmermann (MdB) bereits zur\u00fcckgelegt, denn er ist am heutigen Donnerstag seit 100 Tagen Mitglied des Deutschen Bundestages.<\/strong><\/p>\n<p>Die Anfangsphase ist vorbei, Konstituierung, Koalitionsverhandlungen, Mitgliederentscheid wurden bew\u00e4ltigt und die Arbeitsphase des Parlamentes hat begonnen. Zimmermann ist bereits ordentliches Mitglied des Finanzausschusses und wird k\u00fcnftig ebenfalls dem Ausschuss f\u00fcr &#8222;Digitale Agenda&#8220; als stellvertretendes Mitglied angeh\u00f6ren. Der Ausschuss f\u00fcr Digitale Agenda wird in dieser Legislaturperiode erstmalig eingerichtet werden.<br \/>\n<!--more--><\/p>\n<p>Das Res\u00fcmee nach seinen ersten 100 Tagen im Deutschen Parlament f\u00e4llt positiv aus: &#8222;F\u00fcr mich als Neuling ist die Orientierungsphase im Bundestag vorbei. Mein Terminkalender ist voll und so muss das sein. Au\u00dferdem ist der Start der SPD in die Regierungsarbeit gelungen und die Gro\u00dfe Koalition macht ihre Sache bisher gut. Insbesondere die SPD-gef\u00fchrten Ministerien bringen wichtige Projekte voran und bestimmen die politische Tagesordnung.&#8220;<\/p>\n<p>In Berlin unterst\u00fctzen Dr. Jens Zimmermann derzeit zwei Wissenschaftliche Mitarbeiterinnen und Mitarbeiter in seinem Bundestagsb\u00fcro. Auch im Wahlkreis ist es Zimmermann ein wichtiges Anliegen, als Ansprechpartner erreichbar zu sein. Zu diesem Zweck hat er insgesamt drei Wahlkreisb\u00fcros eingerichtet: &#8222;Ich werde mich f\u00fcr die Interessen und W\u00fcnsche von B\u00fcrgerinnen und B\u00fcrgern aus meiner Region stark machen. Da mein Wahlkreis 29 Kommunen umfasst, die sich \u00fcber die drei Landkreise Offenbach, Darmstadt-Dieburg und den Odenwaldkreis erstrecken, habe ich mehrere B\u00fcrgerb\u00fcros eingerichtet. Damit ist die Erreichbarkeit gesichert.&#8220; Die Wahlkreisb\u00fcros von Dr. Jens Zimmermann befinden sich in Gro\u00df-Umstadt, Dietzenbach und Michelstadt.<\/p>\n","protected":false},"excerpt":{"rendered":"<p>Eine wichtige Etappe hat Dr. Jens Zimmermann (MdB) bereits zur\u00fcckgelegt, denn er ist am heutigen Donnerstag seit 100 Tagen Mitglied des Deutschen Bundestages. Die Anfangsphase ist vorbei, Konstituierung, Koalitionsverhandlungen, Mitgliederentscheid wurden bew\u00e4ltigt und die Arbeitsphase des Parlamentes hat begonnen. Zimmermann ist bereits ordentliches Mitglied des Finanzausschusses und wird k\u00fcnftig ebenfalls dem Ausschuss f\u00fcr &#8222;Digitale Agenda&#8220; &hellip; <a href=\"https:\/\/www.spd-brensbach.de\/?p=2591\" class=\"more-link\"><span class=\"screen-reader-text\">Dr. Jens Zimmermann seit 100 Tagen im Bundestag<\/span> weiterlesen <span class=\"meta-nav\">&rarr;<\/span><\/a><\/p>\n","protected":false},"author":2,"featured_media":2758,"comment_status":"open","ping_status":"closed","sticky":false,"template":"","format":"standard","meta":{"footnotes":""},"categories":[3],"tags":[],"class_list":["post-2591","post","type-post","status-publish","format-standard","has-post-thumbnail","hentry","category-artikel"],"_links":{"self":[{"href":"https:\/\/www.spd-brensbach.de\/index.php?rest_route=\/wp\/v2\/posts\/2591","targetHints":{"allow":["GET"]}}],"collection":[{"href":"https:\/\/www.spd-brensbach.de\/index.php?rest_route=\/wp\/v2\/posts"}],"about":[{"href":"https:\/\/www.spd-brensbach.de\/index.php?rest_route=\/wp\/v2\/types\/post"}],"author":[{"embeddable":true,"href":"https:\/\/www.spd-brensbach.de\/index.php?rest_route=\/wp\/v2\/users\/2"}],"replies":[{"embeddable":true,"href":"https:\/\/www.spd-brensbach.de\/index.php?rest_route=%2Fwp%2Fv2%2Fcomments&post=2591"}],"version-history":[{"count":6,"href":"https:\/\/www.spd-brensbach.de\/index.php?rest_route=\/wp\/v2\/posts\/2591\/revisions"}],"predecessor-version":[{"id":4099,"href":"https:\/\/www.spd-brensbach.de\/index.php?rest_route=\/wp\/v2\/posts\/2591\/revisions\/4099"}],"wp:featuredmedia":[{"embeddable":true,"href":"https:\/\/www.spd-brensbach.de\/index.php?rest_route=\/wp\/v2\/media\/2758"}],"wp:attachment":[{"href":"https:\/\/www.spd-brensbach.de\/index.php?rest_route=%2Fwp%2Fv2%2Fmedia&parent=2591"}],"wp:term":[{"taxonomy":"category","embeddable":true,"href":"https:\/\/www.spd-brensbach.de\/index.php?rest_route=%2Fwp%2Fv2%2Fcategories&post=2591"},{"taxonomy":"post_tag","embeddable":true,"href":"https:\/\/www.spd-brensbach.de\/index.php?rest_route=%2Fwp%2Fv2%2Ftags&post=2591"}],"curies":[{"name":"wp","href":"https:\/\/api.w.org\/{rel}","templated":true}]}}