{"id":283,"date":"2009-09-25T11:16:39","date_gmt":"2009-09-25T10:16:39","guid":{"rendered":"http:\/\/www.spd-brensbach.de\/?p=283"},"modified":"2014-02-12T21:20:05","modified_gmt":"2014-02-12T20:20:05","slug":"interview-mit-detlev-blitz-die-brensbacher-spd-spricht-mit-dem-bundestagskandidaten-des-odenwaldkreises","status":"publish","type":"post","link":"https:\/\/www.spd-brensbach.de\/?p=283","title":{"rendered":"Interview mit Detlev Blitz &#8211; Die Brensbacher SPD spricht mit dem Bundestagskandidaten des Odenwaldkreises"},"content":{"rendered":"<p><strong>Was sind Deine Beweggr\u00fcnde, f\u00fcr den Bundestag zu kandidieren?<\/strong><br \/>\nIch bin der festen \u00dcberzeugung, dass wir auf allen politischen Ebenen eine gute Politik f\u00fcr die Menschen brauchen. F\u00fcr mich stehen deshalb vor allem die Themen soziale Gerechtigkeit und \u00f6kologische Erneuerung im Mittelpunkt. Wir m\u00fcssen endlich die notwendigen Korrekturen zur Bew\u00e4ltigung der Wirtschafts-, Energie- und Klimakrise angehen, damit auch unsere Enkel noch eine einigerma\u00dfen intakte Lebenswelt vorfinden. An dieser Ver\u00e4nderung m\u00f6chte ich mitwirken.<\/p>\n<p><strong>Was f\u00fcr einen Stellenwert hat f\u00fcr Dich die politische Arbeit in Deinem Wahlkreis?<\/strong><br \/>\nIch habe seit fast zwanzig Jahren politische Erfahrungen auf der kommunalen Ebene gesammelt und bin zur Zeit stellvertretender Landrat im Odenwaldkreis. Auf der kommunalen Ebene vermittelt sich direkt die Politik aller Ebenen: man denke nur an die Bildungspolitik oder Stra\u00dfenbau, aber auch Regelungen im Gesundheitswesen, an soziale Aufgaben und nicht zuletzt an Steuern und Abgaben. Deshalb halte ich es f\u00fcr sehr wichtig, dass ein Bundestagsabgeordneter die Kontakte zur politischen Basis auf der kommunalen Ebene pflegt und sich intensiv um die Belange der B\u00fcrgerinnen und B\u00fcrger im Wahlkreis einsetzt. Hier sehe ich eine zentrale Aufgabe f\u00fcr mich \u2013 und im \u00dcbrigen auch ein echtes Verbesserungspotenzial in unserem Wahlkreis.<br \/>\n<!--more--><\/p>\n<p><strong>Ist f\u00fcr Dich die Erst- oder Zweitstimme wichtiger?<\/strong><br \/>\nBeide Stimmen sind wichtig, deshalb pl\u00e4diere ich selbstverst\u00e4ndlich daf\u00fcr, sie der SPD zu geben. Man muss aber wissen, dass die Zweitstimme \u00fcber den Anteil der Parteien und damit \u00fcber die Mehrheitsverh\u00e4ltnisse im Bundestag entscheidet und die Erststimme direkt \u00fcber den Wahlkreisabgeordneten. Da ich nur geringe Chancen habe, \u00fcber die Landesliste der SPD in den Bundestag zu kommen, lege ich alle Kraft in die Entscheidung \u00fcber die Erststimme. Hier k\u00f6nnen alle W\u00e4hlerinnen und W\u00e4hler ihre Vertretung w\u00e4hlen, es handelt sich also um eine Form der Personenwahl. Ich bin davon \u00fcberzeugt, dass ich mit meinen beruflichen und politischen Erfahrungen der Richtige f\u00fcr Berlin bin.<\/p>\n<p><strong>Woher kommst Du und was hast Du bisher beruflich gemacht?<\/strong><br \/>\nIch wurde in H\u00f6chst im Odenwald geboren und lebe auch heute mit meiner Familie dort. W\u00e4hrend meines Studiums der Psychologie, Germanistik und Politikwissenschaft sowie den ersten beruflichen Erfahrungen habe ich in Gie\u00dfen und im Main-Taunus-Kreis gelebt. Ich bin aber gerne in den Odenwald zur\u00fcckgekommen, da ich mich hier sehr wohl f\u00fchle und die sch\u00f6ne Landschaft als meine Heimat bezeichne. Ich bin seit vielen Jahren Gesch\u00e4ftsf\u00fchrer einer gemeinn\u00fctzigen GmbH, der Integra GmbH, die im Odenwaldkreis die Arbeit f\u00fcr Menschen mit Behinderung in den verschiedensten Bereichen wie Werkst\u00e4tten, Wohnangeboten, ambulanten Diensten organisiert. Etwas stolz bin ich auch auf unsere beiden Integrationsbetriebe, einen CAP-Supermarkt und ein Reinigungsunternehmen. Dort haben wir fast 100 neue Arbeitspl\u00e4tze geschaffen, wovon \u00fcber 40% von anerkannt Schwerbehinderten besetzt sind. Wir beweisen damit tagt\u00e4glich, dass auch Menschen mit Handicap zu den Leistungstr\u00e4gern unserer Gesellschaft geh\u00f6ren \u2013 man muss nur die Arbeit den Menschen anpassen und nicht umgekehrt.<\/p>\n<p><strong>Wie sieht Dein politischer Werdegang aus?<\/strong><br \/>\nSeit 1987 bin ich Mitglied der SPD und stehe zu dieser Partei, auch wenn es ihr manchmal nicht so gut geht. Aber meine Partei hat in ihrer \u00fcber 140j\u00e4hrigen Tradition viele wichtige Entwicklungen in Deutschland angesto\u00dfen und auch Menschen wie Willy Brandt hervorgebracht \u2013 das ist f\u00fcr mich Grund genug, zusammen mit anderen in meiner Partei weiter an einer menschlichen, sozialen und friedlichen Zukunft unserer Gesellschaft zu arbeiten \u2013 wer sollte diese Aufgabe denn sonst in Deutschland wahrnehmen? Seit fast zwanzig Jahren bin ich politisch aktiv: sei es als Gemeindevertreter in meiner Heimatgemeinde oder Ortsvereinsvorsitzender. Ich bin in einigen Vereinen auch als Vorstandsmitglied t\u00e4tig. Im Odenwaldkreis geh\u00f6re ich seit 1993 dem Kreistag an, war dort gleichzeitig Vorsitzender des Sozialausschusses und des Jugendhilfeausschusses. Letztes Jahr bin ich in den Kreisausschuss, die \u201eRegierung\u201d, gewechselt und bin nun ehrenamtlicher Erster Kreisbeigeordneter, also Stellvertreter des Landrats. Vor einigen Monaten wurde ich zum Vorsitzenden der SPD im Odenwaldkreis gew\u00e4hlt.<\/p>\n<p><strong>Was machst Du am liebsten in Deiner Freizeit?<\/strong><br \/>\nIch habe eine relativ gro\u00dfe Familie, drei eigene Kinder und eine Stieftochter. Seit dem 8. April haben wir auch zwei kleine Enkelchen, die Zwillinge Benedict und Leonard. Da freue ich mich nat\u00fcrlich, wenn man sich trifft und zusammen sein kann, bei einem guten Essen oder beim Grillen im Sommer. Seit ich denken kann, bin ich ein begeisterter Fu\u00dfballanh\u00e4nger von Eintracht Frankfurt, was ja nicht immer leicht ist. Ich gehe gerne ins Stadion oder schaue mir die Spiele, am liebsten mit mehreren Fans, am Fernseher an. Weiterhin lese ich gerne, h\u00f6re oft Musik und bin fasziniert von der modernen Computertechnik. Ich mag die Natur und verreise gerne, sowohl in den S\u00fcden als auch in den Norden. Meine Frau und ich tr\u00e4umen von einem Wohnmobil, um hin und wieder in den Genuss von \u201eFreiheit und Abenteuer\u201d kommen zu k\u00f6nnen.<\/p>\n","protected":false},"excerpt":{"rendered":"<p>Was sind Deine Beweggr\u00fcnde, f\u00fcr den Bundestag zu kandidieren? Ich bin der festen \u00dcberzeugung, dass wir auf allen politischen Ebenen eine gute Politik f\u00fcr die Menschen brauchen. F\u00fcr mich stehen deshalb vor allem die Themen soziale Gerechtigkeit und \u00f6kologische Erneuerung im Mittelpunkt. Wir m\u00fcssen endlich die notwendigen Korrekturen zur Bew\u00e4ltigung der Wirtschafts-, Energie- und Klimakrise &hellip; <a href=\"https:\/\/www.spd-brensbach.de\/?p=283\" class=\"more-link\"><span class=\"screen-reader-text\">Interview mit Detlev Blitz &#8211; Die Brensbacher SPD spricht mit dem Bundestagskandidaten des Odenwaldkreises<\/span> weiterlesen <span class=\"meta-nav\">&rarr;<\/span><\/a><\/p>\n","protected":false},"author":2,"featured_media":0,"comment_status":"open","ping_status":"open","sticky":false,"template":"","format":"standard","meta":{"footnotes":""},"categories":[3],"tags":[],"class_list":["post-283","post","type-post","status-publish","format-standard","hentry","category-artikel"],"_links":{"self":[{"href":"https:\/\/www.spd-brensbach.de\/index.php?rest_route=\/wp\/v2\/posts\/283","targetHints":{"allow":["GET"]}}],"collection":[{"href":"https:\/\/www.spd-brensbach.de\/index.php?rest_route=\/wp\/v2\/posts"}],"about":[{"href":"https:\/\/www.spd-brensbach.de\/index.php?rest_route=\/wp\/v2\/types\/post"}],"author":[{"embeddable":true,"href":"https:\/\/www.spd-brensbach.de\/index.php?rest_route=\/wp\/v2\/users\/2"}],"replies":[{"embeddable":true,"href":"https:\/\/www.spd-brensbach.de\/index.php?rest_route=%2Fwp%2Fv2%2Fcomments&post=283"}],"version-history":[{"count":1,"href":"https:\/\/www.spd-brensbach.de\/index.php?rest_route=\/wp\/v2\/posts\/283\/revisions"}],"predecessor-version":[{"id":2632,"href":"https:\/\/www.spd-brensbach.de\/index.php?rest_route=\/wp\/v2\/posts\/283\/revisions\/2632"}],"wp:attachment":[{"href":"https:\/\/www.spd-brensbach.de\/index.php?rest_route=%2Fwp%2Fv2%2Fmedia&parent=283"}],"wp:term":[{"taxonomy":"category","embeddable":true,"href":"https:\/\/www.spd-brensbach.de\/index.php?rest_route=%2Fwp%2Fv2%2Fcategories&post=283"},{"taxonomy":"post_tag","embeddable":true,"href":"https:\/\/www.spd-brensbach.de\/index.php?rest_route=%2Fwp%2Fv2%2Ftags&post=283"}],"curies":[{"name":"wp","href":"https:\/\/api.w.org\/{rel}","templated":true}]}}