{"id":3147,"date":"2015-01-10T10:16:05","date_gmt":"2015-01-10T08:16:05","guid":{"rendered":"http:\/\/www.spd-brensbach.de\/?p=3147"},"modified":"2015-01-10T10:16:05","modified_gmt":"2015-01-10T08:16:05","slug":"frei-ohne-angst-nous-sommes-charlie","status":"publish","type":"post","link":"https:\/\/www.spd-brensbach.de\/?p=3147","title":{"rendered":"FREI OHNE ANGST &#8211;  Nous sommes Charlie"},"content":{"rendered":"<p><strong>Die Morde an den Journalisten und Zeichnern des franz\u00f6sischen Satire-Magazins \u201eCharlie Hebdo\u201c und an weiteren Menschen ersch\u00fcttern uns. Unser tiefes Mitgef\u00fchl gilt den Angeh\u00f6rigen der Opfer. Wir trauern mit ihnen, wir teilen ihre Wut.<\/strong><\/p>\n<p>Die Mitarbeiterinnen und Mitarbeiter der Zeitschrift wurden get\u00f6tet, weil sie ihre Grundrechte auf Presse- und Meinungsfreiheit aus\u00fcbten. Das Attentat galt damit uns allen, die wir frei und demokratisch, friedlich und respektvoll zusammen leben wollen \u2013 in einer offenen Gesellschaft, die wir verteidigen!<\/p>\n<p>Wir sind Frauen und M\u00e4nner, religi\u00f6se und nicht-religi\u00f6se Menschen:<\/p>\n<ul>\n<li>Gemeinsam erkl\u00e4ren wir uns solidarisch mit Journalistinnen und Journalisten, mit K\u00fcnstlerinnen und K\u00fcnstlern, deren Leben oder Freiheit bedroht sind.<\/li>\n<li>Gemeinsam treten wir dem Versuch entgegen, diese grausamen Taten nun als Best\u00e4tigung von Ressentiments, etwa gegen\u00fcber Fl\u00fcchtlingen oder gegen\u00fcber dem Islam, zu missbrauchen.<\/li>\n<li>Gemeinsam und entschlossen treten wir der Angst entgegen \u2013 f\u00fcr die freie und offene Gesellschaft.<\/li>\n<li>Gemeinsam treten wir dem perfiden Plan von Terroristen entgegen, einen Keil in unsere Gesellschaft zu treiben.<\/li>\n<\/ul>\n<p>FREI OHNE ANGST. So leben wir \u2013 gemeinsam in der offenen Gesellschaft.<\/p>\n","protected":false},"excerpt":{"rendered":"<p>Die Morde an den Journalisten und Zeichnern des franz\u00f6sischen Satire-Magazins \u201eCharlie Hebdo\u201c und an weiteren Menschen ersch\u00fcttern uns. Unser tiefes Mitgef\u00fchl gilt den Angeh\u00f6rigen der Opfer. Wir trauern mit ihnen, wir teilen ihre Wut. Die Mitarbeiterinnen und Mitarbeiter der Zeitschrift wurden get\u00f6tet, weil sie ihre Grundrechte auf Presse- und Meinungsfreiheit aus\u00fcbten. Das Attentat galt damit &hellip; <a href=\"https:\/\/www.spd-brensbach.de\/?p=3147\" class=\"more-link\"><span class=\"screen-reader-text\">FREI OHNE ANGST &#8211;  Nous sommes Charlie<\/span> weiterlesen <span class=\"meta-nav\">&rarr;<\/span><\/a><\/p>\n","protected":false},"author":2,"featured_media":3148,"comment_status":"open","ping_status":"closed","sticky":false,"template":"","format":"standard","meta":{"footnotes":""},"categories":[3],"tags":[],"class_list":["post-3147","post","type-post","status-publish","format-standard","has-post-thumbnail","hentry","category-artikel"],"_links":{"self":[{"href":"https:\/\/www.spd-brensbach.de\/index.php?rest_route=\/wp\/v2\/posts\/3147","targetHints":{"allow":["GET"]}}],"collection":[{"href":"https:\/\/www.spd-brensbach.de\/index.php?rest_route=\/wp\/v2\/posts"}],"about":[{"href":"https:\/\/www.spd-brensbach.de\/index.php?rest_route=\/wp\/v2\/types\/post"}],"author":[{"embeddable":true,"href":"https:\/\/www.spd-brensbach.de\/index.php?rest_route=\/wp\/v2\/users\/2"}],"replies":[{"embeddable":true,"href":"https:\/\/www.spd-brensbach.de\/index.php?rest_route=%2Fwp%2Fv2%2Fcomments&post=3147"}],"version-history":[{"count":3,"href":"https:\/\/www.spd-brensbach.de\/index.php?rest_route=\/wp\/v2\/posts\/3147\/revisions"}],"predecessor-version":[{"id":3151,"href":"https:\/\/www.spd-brensbach.de\/index.php?rest_route=\/wp\/v2\/posts\/3147\/revisions\/3151"}],"wp:featuredmedia":[{"embeddable":true,"href":"https:\/\/www.spd-brensbach.de\/index.php?rest_route=\/wp\/v2\/media\/3148"}],"wp:attachment":[{"href":"https:\/\/www.spd-brensbach.de\/index.php?rest_route=%2Fwp%2Fv2%2Fmedia&parent=3147"}],"wp:term":[{"taxonomy":"category","embeddable":true,"href":"https:\/\/www.spd-brensbach.de\/index.php?rest_route=%2Fwp%2Fv2%2Fcategories&post=3147"},{"taxonomy":"post_tag","embeddable":true,"href":"https:\/\/www.spd-brensbach.de\/index.php?rest_route=%2Fwp%2Fv2%2Ftags&post=3147"}],"curies":[{"name":"wp","href":"https:\/\/api.w.org\/{rel}","templated":true}]}}