{"id":3304,"date":"2015-09-15T10:00:11","date_gmt":"2015-09-15T08:00:11","guid":{"rendered":"http:\/\/www.spd-brensbach.de\/?p=3304"},"modified":"2022-11-14T17:25:44","modified_gmt":"2022-11-14T16:25:44","slug":"gutes-tun-im-gersprenztal-die-spd-brensbach-ist-dabei","status":"publish","type":"post","link":"https:\/\/www.spd-brensbach.de\/?p=3304","title":{"rendered":"Gutes tun im Gersprenztal \u2013 die SPD Brensbach ist dabei!"},"content":{"rendered":"<p>Die Ehrenamtsagentur des Odenwaldkreises hatte alle Vereine, private Organisationen und interessierte B\u00fcrgerinnen und B\u00fcrger im Gersprenztal aufgerufen, am 12. September 2015 ehrenamtlich eine Aktion zum Wohl der Allgemeinheit durchzuf\u00fchren \u2013 m\u00f6glichst mit Nachhaltigkeit. Gutes tun f\u00fcr einen Tag, war das Motto. Der Aufruf war erfolgreich. 28 Aktionen wurden angemeldet: Drei aus Fr\u00e4nkisch-Crumbach, zw\u00f6lf aus Reichelsheim und dreizehn aus Brensbach.<\/p>\n<p>Auch wir von der SPD Brensbach hatten uns mit einem tollen Projekt gemeldet. Unter dem Titel \u201eWir erwecken die Dr. G\u00f6tz-H\u00fctte aus dem Dornr\u00f6schenschlaf\u201c hatten wir ehrenamtliche Helfer aufgerufen, die Schutzh\u00fctte am Oberwald in Brensbach von Unrat und Gestr\u00fcpp zu befreien, kleinere Reparaturen vorzunehmen, die Bank vor der H\u00fctte zu s\u00e4ubern und mit neuer Farbe zu versehen.<\/p>\n<p>Unsere anf\u00e4ngliche Skepsis erwies sich als unbegr\u00fcndet. Insgesamt waren zw\u00f6lf Helferinnen und Helfer mit Begeisterung und starkem Einsatz bei der Sache. Nicht nur SPD-Mitglieder, auch andere ehrenamtliche Helferinnen und Helfer waren von dem sinnvollen Tun \u00fcberzeugt und hatten kr\u00e4ftig mit angepackt. Auch zwei junge M\u00e4nner aus Eritrea, die als Fl\u00fcchtlinge seit einiger Zeit in Bad K\u00f6nig untergebracht sind, integrierten sich problemlos in die Gruppe halfen unerm\u00fcdlich und freiwillig mit. Die Arbeiten gingen so z\u00fcgig voran, dass noch Zeit war, auch die Sitzgruppe bei der Karl-Sch\u00e4fer-Eiche in der unmittelbaren Nachbarschaft wieder aufzurichten bzw. neu zu setzen.<\/p>\n<p>Als gegen 15 Uhr unser B\u00fcrgermeister Rainer M\u00fcller die ehrenamtlichen Helfer besuchte war er \u00fcber das Ergebnis freudig \u00fcberrascht. Ebenso erging es unserem kurze Zeit sp\u00e4ter eintreffenden Landrat Frank Matiaske, der \u2013 ebenso wie unser B\u00fcrgermeister \u2013 den flei\u00dfigen Helferinnen und Helfern seinen Dank aussprach und sich erfreut zeigte, dass die Brensbacher SPD auch zwei jungen Fl\u00fcchtlingen an diesem Tag eine sinnvolle Arbeit und vor allem eine offene und freundliche Gemeinschaft geboten hatte. Bei der abendlichen Abschlussfeier in der \u201eAlten Post\u201c konnten sich die ehrenamtlichen Helferinnen und Helfer untereinander austauschen und bei einer Dia-Show auch die Ergebnisse der anderen Aktionen betrachten.<\/p>\n<p>Es war ein guter Tag. Es herrschte eine gute Stimmung und es hat allen Spa\u00df gemacht. Wir konnten sinnvoll und selbstlos f\u00fcr unsere Gemeinde und deren Bewohner t\u00e4tig sein. Das ist auch das Motto der Brensbacher SPD. Wir packen an \u2013 f\u00fcr unsere Gemeinde.<\/p>\n","protected":false},"excerpt":{"rendered":"<p>Die Ehrenamtsagentur des Odenwaldkreises hatte alle Vereine, private Organisationen und interessierte B\u00fcrgerinnen und B\u00fcrger im Gersprenztal aufgerufen, am 12. September 2015 ehrenamtlich eine Aktion zum Wohl der Allgemeinheit durchzuf\u00fchren \u2013 m\u00f6glichst mit Nachhaltigkeit. Gutes tun f\u00fcr einen Tag, war das Motto. Der Aufruf war erfolgreich. 28 Aktionen wurden angemeldet: Drei aus Fr\u00e4nkisch-Crumbach, zw\u00f6lf aus Reichelsheim &hellip; <a href=\"https:\/\/www.spd-brensbach.de\/?p=3304\" class=\"more-link\"><span class=\"screen-reader-text\">Gutes tun im Gersprenztal \u2013 die SPD Brensbach ist dabei!<\/span> weiterlesen <span class=\"meta-nav\">&rarr;<\/span><\/a><\/p>\n","protected":false},"author":2,"featured_media":3305,"comment_status":"open","ping_status":"closed","sticky":false,"template":"","format":"standard","meta":{"footnotes":""},"categories":[3],"tags":[],"class_list":["post-3304","post","type-post","status-publish","format-standard","has-post-thumbnail","hentry","category-artikel"],"_links":{"self":[{"href":"https:\/\/www.spd-brensbach.de\/index.php?rest_route=\/wp\/v2\/posts\/3304","targetHints":{"allow":["GET"]}}],"collection":[{"href":"https:\/\/www.spd-brensbach.de\/index.php?rest_route=\/wp\/v2\/posts"}],"about":[{"href":"https:\/\/www.spd-brensbach.de\/index.php?rest_route=\/wp\/v2\/types\/post"}],"author":[{"embeddable":true,"href":"https:\/\/www.spd-brensbach.de\/index.php?rest_route=\/wp\/v2\/users\/2"}],"replies":[{"embeddable":true,"href":"https:\/\/www.spd-brensbach.de\/index.php?rest_route=%2Fwp%2Fv2%2Fcomments&post=3304"}],"version-history":[{"count":6,"href":"https:\/\/www.spd-brensbach.de\/index.php?rest_route=\/wp\/v2\/posts\/3304\/revisions"}],"predecessor-version":[{"id":5570,"href":"https:\/\/www.spd-brensbach.de\/index.php?rest_route=\/wp\/v2\/posts\/3304\/revisions\/5570"}],"wp:featuredmedia":[{"embeddable":true,"href":"https:\/\/www.spd-brensbach.de\/index.php?rest_route=\/wp\/v2\/media\/3305"}],"wp:attachment":[{"href":"https:\/\/www.spd-brensbach.de\/index.php?rest_route=%2Fwp%2Fv2%2Fmedia&parent=3304"}],"wp:term":[{"taxonomy":"category","embeddable":true,"href":"https:\/\/www.spd-brensbach.de\/index.php?rest_route=%2Fwp%2Fv2%2Fcategories&post=3304"},{"taxonomy":"post_tag","embeddable":true,"href":"https:\/\/www.spd-brensbach.de\/index.php?rest_route=%2Fwp%2Fv2%2Ftags&post=3304"}],"curies":[{"name":"wp","href":"https:\/\/api.w.org\/{rel}","templated":true}]}}