{"id":3328,"date":"2015-10-11T12:13:25","date_gmt":"2015-10-11T10:13:25","guid":{"rendered":"http:\/\/www.spd-brensbach.de\/?p=3328"},"modified":"2015-10-12T10:28:03","modified_gmt":"2015-10-12T08:28:03","slug":"nachlese-zum-herbstfest-der-spd-brensbach","status":"publish","type":"post","link":"https:\/\/www.spd-brensbach.de\/?p=3328","title":{"rendered":"Nachlese zum Herbstfest der SPD Brensbach"},"content":{"rendered":"<p><strong>Am Samstag, den 3. Oktober 2015, veranstalteten die Mitglieder des SPD Ortsvereins Brensbach erstmals ihr Herbstfest an der Dr. G\u00f6tz-H\u00fctte. Alle Beteiligten waren sich einig, das Fest im n\u00e4chsten Jahr zu wiederholen.<\/strong><\/p>\n<p>Bei sonnigem Herbstwetter konnte der Vereinsvorsitzende Klaus-Dieter Schmidt \u00fcber 50 Anwohnerinnen und Anwohner, Mitglieder und G\u00e4ste aus der ganzen Gemeinde begr\u00fc\u00dfen.<br \/>\nDie in der N\u00e4he des Spielplatzes am Oberwald gelegene Dr. G\u00f6tz H\u00fctte wurde zuvor im Rahmen der Aktion \u201eFreiwillig im Gersprenztal\u201c von SPD-Mitgliedern und Anwohnern gemeinsam in Stand gesetzt.<br \/>\nDiese erfolgreiche ehrenamtliche Gemeinschaftsarbeit f\u00fcr die B\u00fcrgerinnen und B\u00fcrger unserer Gemeinde war der Anlass, nun das erste Herbstfest auszurichten. An dieser Stelle m\u00f6chten wir ein herzliches \u201eDankesch\u00f6n\u201c an alle Helferinnen und Helfer sowie an die Kuchenspender aussprechen.<br \/>\nDie durch Spenden erzielten Einnahmen wird der SPD Ortsverein einem guten Zweck zu Gute kommen lassen. Wir werden dar\u00fcber berichten.<\/p>\n<p>Der SPD-Vorsitzende sicherte zu, dass man sich auch in Zukunft um die Instandhaltung der Dr. G\u00f6tz-H\u00fctte k\u00fcmmern wird.<\/p>\n","protected":false},"excerpt":{"rendered":"<p>Am Samstag, den 3. Oktober 2015, veranstalteten die Mitglieder des SPD Ortsvereins Brensbach erstmals ihr Herbstfest an der Dr. G\u00f6tz-H\u00fctte. Alle Beteiligten waren sich einig, das Fest im n\u00e4chsten Jahr zu wiederholen. Bei sonnigem Herbstwetter konnte der Vereinsvorsitzende Klaus-Dieter Schmidt \u00fcber 50 Anwohnerinnen und Anwohner, Mitglieder und G\u00e4ste aus der ganzen Gemeinde begr\u00fc\u00dfen. Die in &hellip; <a href=\"https:\/\/www.spd-brensbach.de\/?p=3328\" class=\"more-link\"><span class=\"screen-reader-text\">Nachlese zum Herbstfest der SPD Brensbach<\/span> weiterlesen <span class=\"meta-nav\">&rarr;<\/span><\/a><\/p>\n","protected":false},"author":2,"featured_media":3330,"comment_status":"open","ping_status":"closed","sticky":false,"template":"","format":"standard","meta":{"footnotes":""},"categories":[3],"tags":[],"class_list":["post-3328","post","type-post","status-publish","format-standard","has-post-thumbnail","hentry","category-artikel"],"_links":{"self":[{"href":"https:\/\/www.spd-brensbach.de\/index.php?rest_route=\/wp\/v2\/posts\/3328","targetHints":{"allow":["GET"]}}],"collection":[{"href":"https:\/\/www.spd-brensbach.de\/index.php?rest_route=\/wp\/v2\/posts"}],"about":[{"href":"https:\/\/www.spd-brensbach.de\/index.php?rest_route=\/wp\/v2\/types\/post"}],"author":[{"embeddable":true,"href":"https:\/\/www.spd-brensbach.de\/index.php?rest_route=\/wp\/v2\/users\/2"}],"replies":[{"embeddable":true,"href":"https:\/\/www.spd-brensbach.de\/index.php?rest_route=%2Fwp%2Fv2%2Fcomments&post=3328"}],"version-history":[{"count":1,"href":"https:\/\/www.spd-brensbach.de\/index.php?rest_route=\/wp\/v2\/posts\/3328\/revisions"}],"predecessor-version":[{"id":3329,"href":"https:\/\/www.spd-brensbach.de\/index.php?rest_route=\/wp\/v2\/posts\/3328\/revisions\/3329"}],"wp:featuredmedia":[{"embeddable":true,"href":"https:\/\/www.spd-brensbach.de\/index.php?rest_route=\/wp\/v2\/media\/3330"}],"wp:attachment":[{"href":"https:\/\/www.spd-brensbach.de\/index.php?rest_route=%2Fwp%2Fv2%2Fmedia&parent=3328"}],"wp:term":[{"taxonomy":"category","embeddable":true,"href":"https:\/\/www.spd-brensbach.de\/index.php?rest_route=%2Fwp%2Fv2%2Fcategories&post=3328"},{"taxonomy":"post_tag","embeddable":true,"href":"https:\/\/www.spd-brensbach.de\/index.php?rest_route=%2Fwp%2Fv2%2Ftags&post=3328"}],"curies":[{"name":"wp","href":"https:\/\/api.w.org\/{rel}","templated":true}]}}