{"id":3339,"date":"2015-12-10T11:12:24","date_gmt":"2015-12-10T09:12:24","guid":{"rendered":"http:\/\/www.spd-brensbach.de\/?p=3339"},"modified":"2022-11-14T17:10:40","modified_gmt":"2022-11-14T16:10:40","slug":"brensbacher-spd-geht-mit-44-kandidatinnen-und-kandidaten-in-die-kommunalwahl","status":"publish","type":"post","link":"https:\/\/www.spd-brensbach.de\/?p=3339","title":{"rendered":"Brensbacher SPD geht mit 44 Kandidatinnen und Kandidaten in die Kommunalwahl"},"content":{"rendered":"<p><strong>Die Brensbacher Sozialdemokraten stimmten w\u00e4hrend ihrer Mitgliederversammlung einer Wahlliste zu, die die Namen von aus insgesamt 44 engagierten Personen aus unserer Mitte enth\u00e4lt. In der sehr gut besuchten Versammlung, die am 7. Dezember 2015 stattfand, votierten die stimmberechtigten Mitglieder einstimmig f\u00fcr ihre Kandidatinnen und Kandidaten.<\/strong><\/p>\n<p>Der Vorsitzende des Ortsvereins, Klaus-Dieter Schmidt, sowie dessen Stellvertreter, Christian Senker, stellten der Versammlung die politischen Schwerpunkte f\u00fcr die kommende Legislaturperiode vor. Prim\u00e4res Ziel ist es, die absolute Mehrheit im Gemeindeparlament zu verteidigen, so Senker. Er unterstrich dies in einer Pr\u00e4sentation. Demnach wird sich die SPD Brensbach mit klaren Aussagen und einem Blick f\u00fcr das Wesentliche f\u00fcr die Zukunft der Gemeinde einsetzen. Verantwortung, Kompetenz und Fortschritt sind hierzu die bestimmenden Faktoren der Brensbacher SPD. Die Kandidatinnen und Kandidaten, die sich am 6. M\u00e4rz 2016 dem B\u00fcrgervotum stellen werden, hatte der Wahlleiter Rainer M\u00fcller der Versammlung vorgestellt. Dem SPD-Vorstand ist es gelungen, eine ausgewogene Mischung aus erfahrenen, neuen und jungen Bewerberinnen und Bewerbern aus den verschiedenen Ortsteilen zusammenzustellen. Die Liste der Brensbacher SPD spiegelt die Vielfalt der Gemeinde wieder. Auch die Listen f\u00fcr die Ortsbeir\u00e4te wurden einstimmig best\u00e4tigt.<\/p>\n<p>Die 25 Kandidatinnen und Kandidaten auf der Wahlliste f\u00fcr die <strong>Gemeindevertretung <\/strong>sind: Helmut Kaffenberger, Sonja Maurer, Folke M\u00fcller, Reiner M\u00fcller, Sigrid V\u00f6lker, Dr. Wilfried Bauer, Tanja Zeiher-Rudolph, Klaus-Dieter Schmidt, Christian Senker, Maria Triesethau, Ewald Eifert, Daniela Rug, Roland Hansetz, Helmut Sch\u00f6nberg, Manuel Rug, Roger Flath, Sabine Belinga Belinga, Wilfried Kessler, Jean-F\u00e9lix Belinga Belinga, J\u00fcrgen Maul, Simon Stephan, Daniela Abraham-Grimm, Tobias Dziony, Reinhard Grimm und Anja Marquardt.<\/p>\n<p>In drei Ortsteilen stellen die Sozialdemokraten eigene Listen auf. F\u00fcr den <strong>Ortsbeirat Brensbac<\/strong>h stehen zur Verf\u00fcgung: Helmut Kaffenberger, Ewald Eifert, Wilfried Ke\u00dfler, J\u00fcrgen Maul, Klaus-Dieter Schmidt, Daniela Rug, Jean-F\u00e9lix Belinga Belinga, Simon Stephan und Tobias Dziony.<br \/>\nF\u00fcr den <strong>Ortsbeirat H\u00f6llerbach<\/strong> sind dies: Folke M\u00fcller, Stefan Weiser, Karlheinz Brust, Helmut Kramer und J\u00f6rn Pries und f\u00fcr den <strong>Ortsbeirat Wersau<\/strong>: Dr. Wilfried Bauer, Michael Maurer, Maria Triesethau, Christian Senker und Sigrid V\u00f6lker.<\/p>\n<p>Die SPD Brensbach ist davon \u00fcberzeugt, den richtigen Pers\u00f6nlichkeiten das Vertrauen zur k\u00fcnftigen Entwicklung der Gemeinde Brensbach ausgesprochen zu haben.<\/p>\n<p><em>Das Bild zeigt v.l.n.r. Wilfried Kessler, Sigrid V\u00f6lker, Simon Stephan, Christian Senker, Roland Hansetz, Folke M\u00fcller, Klaus-Dieter Schmidt, Helmut Kaffenberger, Anja Marquardt, Helmut Sch\u00f6nberg, Sonja Maurer, Tanja Zeiher-Rudolph, Daniela Rug, Sabine Belinga Belinga, B\u00fcrgermeister Rainer M\u00fcller, Manuel Rug, Jean-F\u00e9lix Belinga Belinga, Reiner M\u00fcller und Ewald Eifert.<br \/>\nAuf dem Bild fehlen Dr. Wilfried Bauer, Maria Triesethau, Roger Flath, J\u00fcrgen Maul, Tobias Dziony, Daniela Abraham-Grimm und Reinhard Grimm.<\/em><\/p>\n","protected":false},"excerpt":{"rendered":"<p>Die Brensbacher Sozialdemokraten stimmten w\u00e4hrend ihrer Mitgliederversammlung einer Wahlliste zu, die die Namen von aus insgesamt 44 engagierten Personen aus unserer Mitte enth\u00e4lt. In der sehr gut besuchten Versammlung, die am 7. Dezember 2015 stattfand, votierten die stimmberechtigten Mitglieder einstimmig f\u00fcr ihre Kandidatinnen und Kandidaten. Der Vorsitzende des Ortsvereins, Klaus-Dieter Schmidt, sowie dessen Stellvertreter, Christian &hellip; <a href=\"https:\/\/www.spd-brensbach.de\/?p=3339\" class=\"more-link\"><span class=\"screen-reader-text\">Brensbacher SPD geht mit 44 Kandidatinnen und Kandidaten in die Kommunalwahl<\/span> weiterlesen <span class=\"meta-nav\">&rarr;<\/span><\/a><\/p>\n","protected":false},"author":2,"featured_media":3344,"comment_status":"open","ping_status":"closed","sticky":false,"template":"","format":"standard","meta":{"footnotes":""},"categories":[5],"tags":[],"class_list":["post-3339","post","type-post","status-publish","format-standard","has-post-thumbnail","hentry","category-wahlen"],"_links":{"self":[{"href":"https:\/\/www.spd-brensbach.de\/index.php?rest_route=\/wp\/v2\/posts\/3339","targetHints":{"allow":["GET"]}}],"collection":[{"href":"https:\/\/www.spd-brensbach.de\/index.php?rest_route=\/wp\/v2\/posts"}],"about":[{"href":"https:\/\/www.spd-brensbach.de\/index.php?rest_route=\/wp\/v2\/types\/post"}],"author":[{"embeddable":true,"href":"https:\/\/www.spd-brensbach.de\/index.php?rest_route=\/wp\/v2\/users\/2"}],"replies":[{"embeddable":true,"href":"https:\/\/www.spd-brensbach.de\/index.php?rest_route=%2Fwp%2Fv2%2Fcomments&post=3339"}],"version-history":[{"count":6,"href":"https:\/\/www.spd-brensbach.de\/index.php?rest_route=\/wp\/v2\/posts\/3339\/revisions"}],"predecessor-version":[{"id":5559,"href":"https:\/\/www.spd-brensbach.de\/index.php?rest_route=\/wp\/v2\/posts\/3339\/revisions\/5559"}],"wp:featuredmedia":[{"embeddable":true,"href":"https:\/\/www.spd-brensbach.de\/index.php?rest_route=\/wp\/v2\/media\/3344"}],"wp:attachment":[{"href":"https:\/\/www.spd-brensbach.de\/index.php?rest_route=%2Fwp%2Fv2%2Fmedia&parent=3339"}],"wp:term":[{"taxonomy":"category","embeddable":true,"href":"https:\/\/www.spd-brensbach.de\/index.php?rest_route=%2Fwp%2Fv2%2Fcategories&post=3339"},{"taxonomy":"post_tag","embeddable":true,"href":"https:\/\/www.spd-brensbach.de\/index.php?rest_route=%2Fwp%2Fv2%2Ftags&post=3339"}],"curies":[{"name":"wp","href":"https:\/\/api.w.org\/{rel}","templated":true}]}}