{"id":3647,"date":"2016-01-30T08:00:30","date_gmt":"2016-01-30T06:00:30","guid":{"rendered":"http:\/\/www.spd-brensbach.de\/?p=3647"},"modified":"2016-02-09T16:50:11","modified_gmt":"2016-02-09T14:50:11","slug":"die-brensbacher-sozialdemokraten-sind-bereit-verantwortung-zu-uebernehmen","status":"publish","type":"post","link":"https:\/\/www.spd-brensbach.de\/?p=3647","title":{"rendered":"Brensbacher Sozialdemokraten sind bereit Verantwortung zu \u00fcbernehmen"},"content":{"rendered":"<p><strong>Mit vielen neuen und auch jungen Pers\u00f6nlichkeiten aus unserer Gesamtgemeinde stellt sich die SPD Brensbach den k\u00fcnftigen kommunalen Aufgaben zum Wohl der B\u00fcrgerinnen und B\u00fcrger von Brensbach.<\/strong><\/p>\n<p>Helmut Kaffenberger und Sonja Maurer f\u00fchren die Bewerberliste an. In deren weiteren Folge findet sich eine gute Mischung von engagierten Frauen und M\u00e4nnern, erfahrenen Politikerinnen sowie Politikern und Neulingen mit frischen Ideen. Die Leitbegriffe der Brensbacher SPD f\u00fcr die n\u00e4chste Legislaturperiode hei\u00dfen: Verantwortung. Kompetenz. Fortschritt.<\/p>\n<p>Die Brensbacher Sozialdemokraten sind weiterhin bereit Verantwortung f\u00fcr unsere Gemeinde zu \u00fcbernehmen. Wir haben mit unserer Entschlossenheit und Kompetenz die Auswirkungen der Weltwirtschaftskrise auf kommunaler Ebene bew\u00e4ltigt und unsere Gemeinde auf eine wirtschaftlich gesunde und nachhaltig stabile Basis gef\u00fchrt.<\/p>\n<p>Wir haben mit unseren Haushaltsentscheidungen der vergangenen Jahre daf\u00fcr gesorgt, dass Brensbach nicht unter den Rettungsschirm musste. Wir haben die Unt\u00e4tigkeit der CDU und UWG durch unser Engagement kompensiert. Wir haben uns trotz der kommunalfeindlichen Finanzpolitik einer von CDU und Gr\u00fcnen gef\u00fchrten hessischen Landesregierung behauptet. Die Schlagzeile und der Bericht \u00fcber die Haushaltslage 2016 im Odenw\u00e4lder-Echo vom 15. Dezember 2015 \u201eBrensbach steht finanziell gut da\u201c verdeutlicht das Ergebnis dieser Anstrengungen.<\/p>\n<p>Trotz hoher Investitionen in die notwendige Wasserversorgung, der finanziellen Beteiligung an der fr\u00fchkindlichen Bildung in unseren drei Kindertagesst\u00e4tten und der Aufrechterhaltung und Entwicklung des Brandschutzes l\u00e4sst der Haushalt 2016 einen \u00dcberschuss von knapp 80.000 Euro erwarten. Im vergangenen Jahr konnte in Nieder-Kainsbach auch das Dorferneuerungsprogramm erfolgreich abgeschlossen werden,  trotz finanzieller Engp\u00e4sse nach der Weltwirtschaftskrise. Die Alte Schule wurde zu einem attraktiven Dorftreffpunkt hergerichtet.<\/p>\n<p>Wir stehen f\u00fcr Fortschritt und unterst\u00fctzen deshalb weiterhin die soziale Politik unseres B\u00fcrgermeisters Rainer M\u00fcller, der zusammen mit uns die \u00d6ffnungszeiten der Kindertagesst\u00e4tte Brensbach bis auf 16.30 Uhr erweiterte. Die Hortbetreuung in den Kitas Brensbach und Wersau wird f\u00fcr die Eltern zu gestaffelten Zeiten angeboten und berechnet. In der Kindertagesst\u00e4tte in Nieder-Kainsbach werden Kinder unter zwei Jahren betreut. Die Kooperation zwischen unseren Kinderg\u00e4rten und den Schulen in Brensbach, Wersau und sogar Fr\u00e4nkisch-Crumbach haben Modellcharakter und sind als vorbildlich zu bezeichnen. Wir wollen jungen Familien auch in Zukunft ein gutes Zuhause bieten.<\/p>\n<p>Wir nehmen unsere Verantwortung wahr, die B\u00fcrgerinnen und B\u00fcrger in unsere politischen Entscheidungen einzubeziehen. Die Brensbacher  SPD hat mit ihrem Antrag zur Erarbeitung eines Leitbilds f\u00fcr Brensbach einen wichtigen und nachhaltigen Impuls f\u00fcr die Entwicklung unserer Gemeinde gesetzt. Eine \u00fcberaus gute Entwicklung des Miteinanders f\u00fcr die Zukunft Brensbachs findet aktuell statt. Die SPD Brensbach steht den engagierten B\u00fcrgerinnen und B\u00fcrgern sowie unserem B\u00fcrgermeister in der weiteren Entwicklung und Realisierung des Leitbilds weiter zur Seite, denn dies bedeutet f\u00fcr uns Fortschritt. Wir unterst\u00fctzen weiterhin den Politikstil unseres B\u00fcrgermeisters und werden die B\u00fcrgerinnen und B\u00fcrger an der Entwicklung unserer Gemeinde beteiligen. Wir lassen uns auch nicht dadurch abhalten, dass der stellvertretende Vorsitzende des CDU-Gemeindeverbands zum Boykott der Leitbildinitiative in seinem Leserbrief im Odenw\u00e4lder Echo aufgerufen hatte. Er verkaufte die Idee ungeniert als die der unterlegenen B\u00fcrgermeisterkandidatin, obwohl die SPD das Leitbild schon im Jahr 2010 \u00f6ffentlich auf ihrer Agenda hatte. <\/p>\n<p>Die SPD Brensbach will weiter gestalten und nicht spalten.<\/p>\n<p>Wir stellen unsere Kompetenz und unser Engagement zum Wohl der Gemeinde Brensbach zur Verf\u00fcgung. Auf unserer Liste stehen sozial \u00fcberaus engagierte Pers\u00f6nlichkeiten, die in ihren Vereinen ehrenamtlich t\u00e4tig sind und nachhaltig zeigen, dass ihnen das Wohl der Menschen in unserer Gemeinschaft am Herzen liegt.<\/p>\n","protected":false},"excerpt":{"rendered":"<p>Mit vielen neuen und auch jungen Pers\u00f6nlichkeiten aus unserer Gesamtgemeinde stellt sich die SPD Brensbach den k\u00fcnftigen kommunalen Aufgaben zum Wohl der B\u00fcrgerinnen und B\u00fcrger von Brensbach. Helmut Kaffenberger und Sonja Maurer f\u00fchren die Bewerberliste an. In deren weiteren Folge findet sich eine gute Mischung von engagierten Frauen und M\u00e4nnern, erfahrenen Politikerinnen sowie Politikern und &hellip; <a href=\"https:\/\/www.spd-brensbach.de\/?p=3647\" class=\"more-link\"><span class=\"screen-reader-text\">Brensbacher Sozialdemokraten sind bereit Verantwortung zu \u00fcbernehmen<\/span> weiterlesen <span class=\"meta-nav\">&rarr;<\/span><\/a><\/p>\n","protected":false},"author":2,"featured_media":3652,"comment_status":"open","ping_status":"closed","sticky":false,"template":"","format":"standard","meta":{"footnotes":""},"categories":[3,5],"tags":[],"class_list":["post-3647","post","type-post","status-publish","format-standard","has-post-thumbnail","hentry","category-artikel","category-wahlen"],"_links":{"self":[{"href":"https:\/\/www.spd-brensbach.de\/index.php?rest_route=\/wp\/v2\/posts\/3647","targetHints":{"allow":["GET"]}}],"collection":[{"href":"https:\/\/www.spd-brensbach.de\/index.php?rest_route=\/wp\/v2\/posts"}],"about":[{"href":"https:\/\/www.spd-brensbach.de\/index.php?rest_route=\/wp\/v2\/types\/post"}],"author":[{"embeddable":true,"href":"https:\/\/www.spd-brensbach.de\/index.php?rest_route=\/wp\/v2\/users\/2"}],"replies":[{"embeddable":true,"href":"https:\/\/www.spd-brensbach.de\/index.php?rest_route=%2Fwp%2Fv2%2Fcomments&post=3647"}],"version-history":[{"count":2,"href":"https:\/\/www.spd-brensbach.de\/index.php?rest_route=\/wp\/v2\/posts\/3647\/revisions"}],"predecessor-version":[{"id":3667,"href":"https:\/\/www.spd-brensbach.de\/index.php?rest_route=\/wp\/v2\/posts\/3647\/revisions\/3667"}],"wp:featuredmedia":[{"embeddable":true,"href":"https:\/\/www.spd-brensbach.de\/index.php?rest_route=\/wp\/v2\/media\/3652"}],"wp:attachment":[{"href":"https:\/\/www.spd-brensbach.de\/index.php?rest_route=%2Fwp%2Fv2%2Fmedia&parent=3647"}],"wp:term":[{"taxonomy":"category","embeddable":true,"href":"https:\/\/www.spd-brensbach.de\/index.php?rest_route=%2Fwp%2Fv2%2Fcategories&post=3647"},{"taxonomy":"post_tag","embeddable":true,"href":"https:\/\/www.spd-brensbach.de\/index.php?rest_route=%2Fwp%2Fv2%2Ftags&post=3647"}],"curies":[{"name":"wp","href":"https:\/\/api.w.org\/{rel}","templated":true}]}}