{"id":3672,"date":"2016-02-20T11:00:55","date_gmt":"2016-02-20T09:00:55","guid":{"rendered":"http:\/\/www.spd-brensbach.de\/?p=3672"},"modified":"2016-02-20T17:38:33","modified_gmt":"2016-02-20T15:38:33","slug":"spd-brensbach-zeigt-buergernaehe-am-infostand","status":"publish","type":"post","link":"https:\/\/www.spd-brensbach.de\/?p=3672","title":{"rendered":"SPD Brensbach zeigt B\u00fcrgern\u00e4he am Infostand"},"content":{"rendered":"<p>Trotz widriger Wetterbedingungen hat es sich die Brensbacher SPD nicht nehmen lassen, auf die B\u00fcrgerinnen und  B\u00fcrgern zuzugehen, um sie \u00fcber die Themen der bevorstehenden Kommunalwahl zu informieren.<br \/>\nZu den Informationen gab es zudem eine T\u00fcte Br\u00f6tchen und interessante Brosch\u00fcren sowohl \u00fcber die kommunalen, als auch \u00fcber die Themen, die den Odenwaldkreis betreffen.<br \/>\nIn den zahlreichen B\u00fcrgergespr\u00e4chen haben die Kandidatinnen und Kandidaten der SPD Brensbach dabei selbst viel Zuspruch f\u00fcr ihre Politik erfahren. <\/p>\n<p>Am n\u00e4chsten Samstag (27.2.2016) informiert die Brensbacher SPD an ihrem Infostand in der Backhausstra\u00dfe in Wersau \u00fcber die Gemeindepolitik.<\/p>\n","protected":false},"excerpt":{"rendered":"<p>Trotz widriger Wetterbedingungen hat es sich die Brensbacher SPD nicht nehmen lassen, auf die B\u00fcrgerinnen und B\u00fcrgern zuzugehen, um sie \u00fcber die Themen der bevorstehenden Kommunalwahl zu informieren. Zu den Informationen gab es zudem eine T\u00fcte Br\u00f6tchen und interessante Brosch\u00fcren sowohl \u00fcber die kommunalen, als auch \u00fcber die Themen, die den Odenwaldkreis betreffen. In den &hellip; <a href=\"https:\/\/www.spd-brensbach.de\/?p=3672\" class=\"more-link\"><span class=\"screen-reader-text\">SPD Brensbach zeigt B\u00fcrgern\u00e4he am Infostand<\/span> weiterlesen <span class=\"meta-nav\">&rarr;<\/span><\/a><\/p>\n","protected":false},"author":2,"featured_media":3673,"comment_status":"open","ping_status":"closed","sticky":false,"template":"","format":"standard","meta":{"footnotes":""},"categories":[3,5],"tags":[],"class_list":["post-3672","post","type-post","status-publish","format-standard","has-post-thumbnail","hentry","category-artikel","category-wahlen"],"_links":{"self":[{"href":"https:\/\/www.spd-brensbach.de\/index.php?rest_route=\/wp\/v2\/posts\/3672","targetHints":{"allow":["GET"]}}],"collection":[{"href":"https:\/\/www.spd-brensbach.de\/index.php?rest_route=\/wp\/v2\/posts"}],"about":[{"href":"https:\/\/www.spd-brensbach.de\/index.php?rest_route=\/wp\/v2\/types\/post"}],"author":[{"embeddable":true,"href":"https:\/\/www.spd-brensbach.de\/index.php?rest_route=\/wp\/v2\/users\/2"}],"replies":[{"embeddable":true,"href":"https:\/\/www.spd-brensbach.de\/index.php?rest_route=%2Fwp%2Fv2%2Fcomments&post=3672"}],"version-history":[{"count":2,"href":"https:\/\/www.spd-brensbach.de\/index.php?rest_route=\/wp\/v2\/posts\/3672\/revisions"}],"predecessor-version":[{"id":3677,"href":"https:\/\/www.spd-brensbach.de\/index.php?rest_route=\/wp\/v2\/posts\/3672\/revisions\/3677"}],"wp:featuredmedia":[{"embeddable":true,"href":"https:\/\/www.spd-brensbach.de\/index.php?rest_route=\/wp\/v2\/media\/3673"}],"wp:attachment":[{"href":"https:\/\/www.spd-brensbach.de\/index.php?rest_route=%2Fwp%2Fv2%2Fmedia&parent=3672"}],"wp:term":[{"taxonomy":"category","embeddable":true,"href":"https:\/\/www.spd-brensbach.de\/index.php?rest_route=%2Fwp%2Fv2%2Fcategories&post=3672"},{"taxonomy":"post_tag","embeddable":true,"href":"https:\/\/www.spd-brensbach.de\/index.php?rest_route=%2Fwp%2Fv2%2Ftags&post=3672"}],"curies":[{"name":"wp","href":"https:\/\/api.w.org\/{rel}","templated":true}]}}