{"id":3684,"date":"2016-03-05T16:09:01","date_gmt":"2016-03-05T14:09:01","guid":{"rendered":"http:\/\/www.spd-brensbach.de\/?p=3684"},"modified":"2016-03-05T16:09:01","modified_gmt":"2016-03-05T14:09:01","slug":"endspurt-im-wahlkampf-zur-kommunalwahl-am-sonntag","status":"publish","type":"post","link":"https:\/\/www.spd-brensbach.de\/?p=3684","title":{"rendered":"Endspurt im Wahlkampf zur Kommunalwahl am Sonntag"},"content":{"rendered":"<p><strong>Landrat Frank Matiaske war pers\u00f6nlich am Infostand in Brensbach<\/strong><\/p>\n<p>In der Karl-Maser-Stra\u00dfe hatte sich die Brensbacher SPD am Samstagvormittag platziert und erneut steuerten viele interessierte B\u00fcrgerinnen und B\u00fcrger den Informationsstand an. Die Kandidatinnen und Kandidaten der SPD Brensbach widmeten sich s\u00e4mtlichen Themen, die an sie herangetragen wurden.<br \/>\nAuch unser Landrat Frank Matiaske hatte die Reise nach Brensbach angetreten und sich den Fragen der Standbesucher zur Politik des Odenwaldkreises gestellt. Die SPD unterstreicht damit auch ihre nachhaltige Geschlossenheit sowohl in der Kommunal- wie auch Kreispolitik.<br \/>\nGut f\u00fcr Brensbach und gut f\u00fcr unsere B\u00fcrgerinnen und B\u00fcrger!<\/p>\n","protected":false},"excerpt":{"rendered":"<p>Landrat Frank Matiaske war pers\u00f6nlich am Infostand in Brensbach In der Karl-Maser-Stra\u00dfe hatte sich die Brensbacher SPD am Samstagvormittag platziert und erneut steuerten viele interessierte B\u00fcrgerinnen und B\u00fcrger den Informationsstand an. Die Kandidatinnen und Kandidaten der SPD Brensbach widmeten sich s\u00e4mtlichen Themen, die an sie herangetragen wurden. Auch unser Landrat Frank Matiaske hatte die Reise &hellip; <a href=\"https:\/\/www.spd-brensbach.de\/?p=3684\" class=\"more-link\"><span class=\"screen-reader-text\">Endspurt im Wahlkampf zur Kommunalwahl am Sonntag<\/span> weiterlesen <span class=\"meta-nav\">&rarr;<\/span><\/a><\/p>\n","protected":false},"author":2,"featured_media":3685,"comment_status":"open","ping_status":"closed","sticky":false,"template":"","format":"standard","meta":{"footnotes":""},"categories":[5],"tags":[],"class_list":["post-3684","post","type-post","status-publish","format-standard","has-post-thumbnail","hentry","category-wahlen"],"_links":{"self":[{"href":"https:\/\/www.spd-brensbach.de\/index.php?rest_route=\/wp\/v2\/posts\/3684","targetHints":{"allow":["GET"]}}],"collection":[{"href":"https:\/\/www.spd-brensbach.de\/index.php?rest_route=\/wp\/v2\/posts"}],"about":[{"href":"https:\/\/www.spd-brensbach.de\/index.php?rest_route=\/wp\/v2\/types\/post"}],"author":[{"embeddable":true,"href":"https:\/\/www.spd-brensbach.de\/index.php?rest_route=\/wp\/v2\/users\/2"}],"replies":[{"embeddable":true,"href":"https:\/\/www.spd-brensbach.de\/index.php?rest_route=%2Fwp%2Fv2%2Fcomments&post=3684"}],"version-history":[{"count":1,"href":"https:\/\/www.spd-brensbach.de\/index.php?rest_route=\/wp\/v2\/posts\/3684\/revisions"}],"predecessor-version":[{"id":3686,"href":"https:\/\/www.spd-brensbach.de\/index.php?rest_route=\/wp\/v2\/posts\/3684\/revisions\/3686"}],"wp:featuredmedia":[{"embeddable":true,"href":"https:\/\/www.spd-brensbach.de\/index.php?rest_route=\/wp\/v2\/media\/3685"}],"wp:attachment":[{"href":"https:\/\/www.spd-brensbach.de\/index.php?rest_route=%2Fwp%2Fv2%2Fmedia&parent=3684"}],"wp:term":[{"taxonomy":"category","embeddable":true,"href":"https:\/\/www.spd-brensbach.de\/index.php?rest_route=%2Fwp%2Fv2%2Fcategories&post=3684"},{"taxonomy":"post_tag","embeddable":true,"href":"https:\/\/www.spd-brensbach.de\/index.php?rest_route=%2Fwp%2Fv2%2Ftags&post=3684"}],"curies":[{"name":"wp","href":"https:\/\/api.w.org\/{rel}","templated":true}]}}