{"id":3718,"date":"2016-04-29T09:07:28","date_gmt":"2016-04-29T07:07:28","guid":{"rendered":"http:\/\/www.spd-brensbach.de\/?p=3718"},"modified":"2025-12-22T12:49:41","modified_gmt":"2025-12-22T11:49:41","slug":"christian-senker-ist-juengster-spd-ortsvereinsvorsitzender-im-odenwaldkreis","status":"publish","type":"post","link":"https:\/\/www.spd-brensbach.de\/?p=3718","title":{"rendered":"Christian Senker ist j\u00fcngster SPD-Ortsvereinsvorsitzender im Odenwaldkreis"},"content":{"rendered":"<p><strong>SPD Brensbach w\u00e4hlt bei ihrer Jahreshauptversammlung einen neuen Vorstand und k\u00fcrt <a href=\"\/?page_id=2966\">Christian Senker<\/a> einstimmig zum neuen Vorsitzenden.<\/strong><\/p>\n<p><a href=\"\/?page_id=599\">Klaus-Dieter Schmidt<\/a> konnte am 25. April 2016 neben zahlreichen Mitgliedern auch <a href=\"\/?page_id=562\">B\u00fcrgermeister Rainer M\u00fcller<\/a> sowie Rolf Wilkes als Vorstandsmitglied der SPD Odenwaldkreis bei seiner letzten Mitgliederversammlung als Vorsitzender der Brensbacher SPD begr\u00fc\u00dfen. Nach dem Gedenken an die verstorbenen Mitglieder des vergangenen Jahres er\u00f6ffnete Klaus-Dieter Schmidt die Versammlung und blickte auf ein ereignisreiches Jahr zur\u00fcck. Neben der Kommunalwahl ging er insbesondere auf die <a href=\"\/?p=3304\">Instandsetzung der Dr. G\u00f6tz H\u00fctte<\/a> im Rahmen der Aktion \u201eFreiwillig im Gersprenztal\u201c und das hieraus resultierende <a href=\"\/?p=3328\">Herbstfest des Ortsvereins<\/a> ein. Gelungene H\u00f6hepunkte waren zudem das <a href=\"\/?p=3285\">traditionelle Grillfest<\/a> und der <a href=\"\/?p=3155\">Neujahrsempfang<\/a>. Der langj\u00e4hrige Vorsitzende Klaus-Dieter Schmidt gab nach seinem Bericht bekannt, sich aus pers\u00f6nlichen Gr\u00fcnden nicht mehr zur Wahl des Vorsitzenden zu stellen. Aus diesem Grund schlug er seinen bisherigen Stellvertreter <a href=\"\/?page_id=2966\">Christian Senker<\/a> als Nachfolger vor.<\/p>\n<p><a href=\"\/?page_id=2966\">Christian Senker<\/a> nutzte die Gelegenheit, sich der Mitgliederversammlung vorzustellen: \u201eIch bin Wersauer von Anfang an, auch wenn ich mich mittlerweile lieber als Brensbacher verstehe\u201c, begann <a href=\"\/?page_id=2966\">Senker<\/a> seine Vorstellung. In seiner Schulzeit sei der 23-j\u00e4hrige Sozialarbeiter durch die Jugendpflege in Brensbach gepr\u00e4gt worden: \u201eNun schlie\u00dft sich der Kreis, denn ich darf selbst mit Jugendlichen im AWO Jugendheim in Affh\u00f6llerbach arbeiten. Diese Arbeit bereitet mir viel Freude.&#8220;<\/p>\n<p>In seiner Vorstellung ging <a href=\"\/?page_id=2966\">Christian Senker<\/a> auch auf den Zustand seiner Partei auf den anderen Ebenen ein. Die Partei im Bund sei in einem katastrophalen Zustand: \u201eIch frage mich, wie weit wir noch fallen m\u00fcssen. Die SPD muss endlich wieder klare Kante zeigen und sich von Sigmar Gabriel und dessen Orientierungslosigkeit verabschieden. Das schwache Auftreten der Parteispitze in Sachen Fl\u00fcchtlingspolitik ist dabei nur die Spitze des Eisberges\u201c. Auch im Odenwaldkreis blickt <a href=\"\/?page_id=2966\">Senker<\/a> kritisch auf die Gro\u00dfe Koalition aus SPD und CDU: \u201eWir wissen, wie schwierig die Situation im Kreis ist, dennoch h\u00e4tten wir uns ein anderes Ergebnis gew\u00fcnscht\u201c. Nun hei\u00dfe es die kommende Legislaturperiode kritisch zu begleiten. Auf Brensbach bezogen, sagt <a href=\"\/?page_id=2966\">Senker<\/a>: \u201eEs sind die Menschen vor Ort und die Werte, die ich in unserem Ortsverein wiederfinde, die mich motivieren. Hier wird nicht herumgeeiert und taktiert, wir packen an.\u201c<\/p>\n<h5>Einstimmiges Votum f\u00fcr den neuen Vorstand<\/h5>\n<p>Bei der anschlie\u00dfenden Vorstandswahl wurde <a href=\"\/?page_id=2966\">Senker<\/a> bei voller Zustimmung zum neuen Ortsvereinsvorsitzenden gew\u00e4hlt. Seine bisherige Rolle als stellvertretender Vorsitzender \u00fcbernimmt ab sofort <a href=\"\/?page_id=3551\">Manuel Rug<\/a>, der ebenfalls einstimmig gew\u00e4hlt wurde. \u201eAls meine Frau und ich vor drei Jahren nach Brensbach zogen, f\u00fchlten wir uns sofort gut aufgenommen, vor allem in der SPD. Daher freue ich mich umso mehr den Ortsverein aktiv gestalten zu k\u00f6nnen\u201c, so der 27-j\u00e4hrige Diplom-Verwaltungswirt. In ihren \u00c4mtern wurden <a href=\"\/?page_id=565\">Sonja Maurer<\/a> als Rechnerin sowie Maria Triesethau als Schriftf\u00fchrerin ebenfalls einstimmig best\u00e4tigt. Klaus-Dieter Schmidt bleibt dem Vorstand erhalten und wird dem neuen Team als Beisitzer mit Rat und Tat zur Seite stehen. Weiterhin werden <a href=\"\/?page_id=562\">B\u00fcrgermeister Rainer M\u00fcller<\/a>, <a href=\"\/?page_id=581\">Sigrid V\u00f6lker<\/a>, <a href=\"\/?page_id=573\">Reiner M\u00fcller<\/a> und <a href=\"\/?page_id=3549\">Daniela Rug<\/a> als Beisitzer im Vorstand fungieren. Als Fraktionsvorsitzender wird auch Folke M\u00fcller mit dabei sein, um die enge Zusammenarbeit zwischen Vorstand und Fraktion auszubauen.<\/p>\n<p>Gew\u00e4hlt wurden ebenfalls die Delegierten zum Kreisparteitag und f\u00fcr die Wahlkreiskonferenz zur Bundestagswahl 2017.<small><\/small><\/p>\n","protected":false},"excerpt":{"rendered":"<p>SPD Brensbach w\u00e4hlt bei ihrer Jahreshauptversammlung einen neuen Vorstand und k\u00fcrt Christian Senker einstimmig zum neuen Vorsitzenden. Klaus-Dieter Schmidt konnte am 25. April 2016 neben zahlreichen Mitgliedern auch B\u00fcrgermeister Rainer M\u00fcller sowie Rolf Wilkes als Vorstandsmitglied der SPD Odenwaldkreis bei seiner letzten Mitgliederversammlung als Vorsitzender der Brensbacher SPD begr\u00fc\u00dfen. Nach dem Gedenken an die verstorbenen &hellip; <a href=\"https:\/\/www.spd-brensbach.de\/?p=3718\" class=\"more-link\"><span class=\"screen-reader-text\">Christian Senker ist j\u00fcngster SPD-Ortsvereinsvorsitzender im Odenwaldkreis<\/span> weiterlesen <span class=\"meta-nav\">&rarr;<\/span><\/a><\/p>\n","protected":false},"author":2,"featured_media":0,"comment_status":"open","ping_status":"closed","sticky":false,"template":"","format":"standard","meta":{"footnotes":""},"categories":[3],"tags":[],"class_list":["post-3718","post","type-post","status-publish","format-standard","hentry","category-artikel"],"_links":{"self":[{"href":"https:\/\/www.spd-brensbach.de\/index.php?rest_route=\/wp\/v2\/posts\/3718","targetHints":{"allow":["GET"]}}],"collection":[{"href":"https:\/\/www.spd-brensbach.de\/index.php?rest_route=\/wp\/v2\/posts"}],"about":[{"href":"https:\/\/www.spd-brensbach.de\/index.php?rest_route=\/wp\/v2\/types\/post"}],"author":[{"embeddable":true,"href":"https:\/\/www.spd-brensbach.de\/index.php?rest_route=\/wp\/v2\/users\/2"}],"replies":[{"embeddable":true,"href":"https:\/\/www.spd-brensbach.de\/index.php?rest_route=%2Fwp%2Fv2%2Fcomments&post=3718"}],"version-history":[{"count":15,"href":"https:\/\/www.spd-brensbach.de\/index.php?rest_route=\/wp\/v2\/posts\/3718\/revisions"}],"predecessor-version":[{"id":6345,"href":"https:\/\/www.spd-brensbach.de\/index.php?rest_route=\/wp\/v2\/posts\/3718\/revisions\/6345"}],"wp:attachment":[{"href":"https:\/\/www.spd-brensbach.de\/index.php?rest_route=%2Fwp%2Fv2%2Fmedia&parent=3718"}],"wp:term":[{"taxonomy":"category","embeddable":true,"href":"https:\/\/www.spd-brensbach.de\/index.php?rest_route=%2Fwp%2Fv2%2Fcategories&post=3718"},{"taxonomy":"post_tag","embeddable":true,"href":"https:\/\/www.spd-brensbach.de\/index.php?rest_route=%2Fwp%2Fv2%2Ftags&post=3718"}],"curies":[{"name":"wp","href":"https:\/\/api.w.org\/{rel}","templated":true}]}}