{"id":3779,"date":"2016-10-06T15:38:23","date_gmt":"2016-10-06T13:38:23","guid":{"rendered":"http:\/\/www.spd-brensbach.de\/?p=3779"},"modified":"2018-01-26T13:59:00","modified_gmt":"2018-01-26T12:59:00","slug":"wir-packen-an-gemeinsam-freiwillig-im-odenwaldkreis","status":"publish","type":"post","link":"https:\/\/www.spd-brensbach.de\/?p=3779","title":{"rendered":"Wir packen an &#8211; Gemeinsam freiwillig im Odenwaldkreis"},"content":{"rendered":"<p>Die Brensbacher SPD beteiligte sich bereits im vergangenen Jahr am Ehrenamtstag \u201eFreiwillig im Gersprenztal\u201c, um die <a href=\"\/?p=3304\">Dr.-G\u00f6tz-H\u00fctte am Oberwald<\/a> aus ihrem Dornr\u00f6schenschlaf zu erwecken. Damit die H\u00fctte nicht erneut in einen lang anhaltenden Schlaf verf\u00e4llt, hat der SPD Ortsverein Brensbach im Rahmen des ersten kreisweiten Ehrenamtstag \u2013 initiiert durch die Ehrenamtsagentur des Odenwaldkreises &#8211; das letztj\u00e4hrige Projekt wieder aufleben lassen. Mit Hilfe einiger Mitglieder und Anwohner wurde die Schutzh\u00fctte am Oberwald wieder \u201ewachgek\u00fcsst\u201c &#8211; nicht etwa durch den Kuss eines Prinzen, sondern durch den Einsatz von Motorsensen, Rechen und Besen. Die H\u00fctte wurde von Gestr\u00fcpp und Spinnweben befreit und ist f\u00fcr Wanderer, Anwohner und Naturbegeisterte wieder zug\u00e4nglich.<br \/>\nNicht nur das Wetter machte den Ehrenamtstag zu einem sch\u00f6nen Ereignis, an dem wir uns f\u00fcr unsere Gemeinde und deren Bewohner engagieren konnten.<\/p>\n","protected":false},"excerpt":{"rendered":"<p>Die Brensbacher SPD beteiligte sich bereits im vergangenen Jahr am Ehrenamtstag \u201eFreiwillig im Gersprenztal\u201c, um die Dr.-G\u00f6tz-H\u00fctte am Oberwald aus ihrem Dornr\u00f6schenschlaf zu erwecken. Damit die H\u00fctte nicht erneut in einen lang anhaltenden Schlaf verf\u00e4llt, hat der SPD Ortsverein Brensbach im Rahmen des ersten kreisweiten Ehrenamtstag \u2013 initiiert durch die Ehrenamtsagentur des Odenwaldkreises &#8211; das &hellip; <a href=\"https:\/\/www.spd-brensbach.de\/?p=3779\" class=\"more-link\"><span class=\"screen-reader-text\">Wir packen an &#8211; Gemeinsam freiwillig im Odenwaldkreis<\/span> weiterlesen <span class=\"meta-nav\">&rarr;<\/span><\/a><\/p>\n","protected":false},"author":2,"featured_media":3780,"comment_status":"open","ping_status":"closed","sticky":false,"template":"","format":"standard","meta":{"footnotes":""},"categories":[3],"tags":[],"class_list":["post-3779","post","type-post","status-publish","format-standard","has-post-thumbnail","hentry","category-artikel"],"_links":{"self":[{"href":"https:\/\/www.spd-brensbach.de\/index.php?rest_route=\/wp\/v2\/posts\/3779","targetHints":{"allow":["GET"]}}],"collection":[{"href":"https:\/\/www.spd-brensbach.de\/index.php?rest_route=\/wp\/v2\/posts"}],"about":[{"href":"https:\/\/www.spd-brensbach.de\/index.php?rest_route=\/wp\/v2\/types\/post"}],"author":[{"embeddable":true,"href":"https:\/\/www.spd-brensbach.de\/index.php?rest_route=\/wp\/v2\/users\/2"}],"replies":[{"embeddable":true,"href":"https:\/\/www.spd-brensbach.de\/index.php?rest_route=%2Fwp%2Fv2%2Fcomments&post=3779"}],"version-history":[{"count":4,"href":"https:\/\/www.spd-brensbach.de\/index.php?rest_route=\/wp\/v2\/posts\/3779\/revisions"}],"predecessor-version":[{"id":4080,"href":"https:\/\/www.spd-brensbach.de\/index.php?rest_route=\/wp\/v2\/posts\/3779\/revisions\/4080"}],"wp:featuredmedia":[{"embeddable":true,"href":"https:\/\/www.spd-brensbach.de\/index.php?rest_route=\/wp\/v2\/media\/3780"}],"wp:attachment":[{"href":"https:\/\/www.spd-brensbach.de\/index.php?rest_route=%2Fwp%2Fv2%2Fmedia&parent=3779"}],"wp:term":[{"taxonomy":"category","embeddable":true,"href":"https:\/\/www.spd-brensbach.de\/index.php?rest_route=%2Fwp%2Fv2%2Fcategories&post=3779"},{"taxonomy":"post_tag","embeddable":true,"href":"https:\/\/www.spd-brensbach.de\/index.php?rest_route=%2Fwp%2Fv2%2Ftags&post=3779"}],"curies":[{"name":"wp","href":"https:\/\/api.w.org\/{rel}","templated":true}]}}