{"id":3873,"date":"2017-01-27T18:08:33","date_gmt":"2017-01-27T17:08:33","guid":{"rendered":"http:\/\/www.spd-brensbach.de\/?p=3873"},"modified":"2017-01-27T18:08:33","modified_gmt":"2017-01-27T17:08:33","slug":"mer-sozis-brensbacher-sozialdemokraten-stimmen-sich-auf-das-neue-jahr-ein","status":"publish","type":"post","link":"https:\/\/www.spd-brensbach.de\/?p=3873","title":{"rendered":"&#8222;Mer Sozis&#8220; &#8211; Brensbacher Sozialdemokraten stimmen sich auf das neue Jahr ein"},"content":{"rendered":"<p><strong>Beim Neujahrsempfang blickt die Brensbacher SPD auf ein ereignisreiches Jahr zur\u00fcck und stimmt sich auf die Herausforderungen des Jahres 2017 ein. Der Ortsvereinsvorsitzende Christian Senker findet mahnende Worte gegen Hetze und f\u00fcr den Zusammenhalt in unserer Gesellschaft.<\/strong><\/p>\n<p>Erstmals in der Funktion als Ortsvereinsvorsitzender begr\u00fc\u00dfte Christian Senker die Besucher des Neujahrsempfangs der Brensbacher SPD. Unter den G\u00e4sten befanden sich auch in diesem Jahr wieder viele bekannte Gesichter aus der Kommunal-, Landes- und Bundespolitik. Neben B\u00fcrgermeister Rainer M\u00fcller und seinem Vorg\u00e4nger Hans-Georg Stosiek folgten auch Landrat Frank Matiaske, der Landtagsabgeordnete R\u00fcdiger Holschuh sowie der Bundestagsabgeordnete Dr. Jens Zimmermann der Einladung der Brensbacher Sozialdemokraten. Besondere Gru\u00dfworte richtete Christian Senker zudem an Thomas Wie\u00dfmann als Vorsitzenden des befreundeten SPD-Ortsvereins in Fr\u00e4nkisch-Crumbach.<\/p>\n<p>In seiner Ansprache ging der neue Ortsvereinsvorsitzende zun\u00e4chst auf die Ereignisse des vergangenen Jahres ein. Bei den vielen schlechten Nachrichten \u2013 wie etwa dem Brexit, der Wahl von Donald Trump zum 45. US-Pr\u00e4sidenten, dem islamistischen Terrorismus, den zahlreichen Angriffen auf Fl\u00fcchtlingsunterk\u00fcnfte in Deutschland und dem Erstarken rechtspopulistischer Demagogen in der Bundesrepublik sowie in der Europ\u00e4ischen Union \u2013 k\u00f6nne man, so Christian Senker, eigentlich froh sein, dass das Jahr 2016 endlich zu Ende ist. Sogleich richtete er den Blick in die Zukunft und machte klar, dass man den Rechtspopulisten nicht das Feld \u00fcberlassen d\u00fcrfe, sondern jeder Einzelne gegen Hetze und f\u00fcr den Zusammenhalt in unserer Gesellschaft eintreten m\u00fcsse: &#8222;In Zeiten wie diesen brauchen wir eine starke Sozialdemokratie, die mit Vernunft vorangeht und Haltung gegen Hetze bewahrt.&#8220;<\/p>\n<p>Neben dem Ortsvereinsvorsitzenden richteten auch Rainer M\u00fcller, Frank Matiaske und R\u00fcdiger Holschuh einige Gru\u00dfworte an die Anwesenden. Dr. Jens Zimmermann nutzte die Gelegenheit, um \u00fcber die Bundespolitik und im Speziellen \u00fcber seine Arbeit im Deutschen Bundestag zu berichten. Der geb\u00fcrtige Gro\u00df-Umst\u00e4dter ist regelm\u00e4\u00dfig in den Gemeinden des Gersprenztals zu Gast und besucht dort eine Vielzahl an Veranstaltungen, um W\u00fcnsche, Anregungen ebenso wie kritische Stimmen der B\u00fcrgerinnen und B\u00fcrger aufzunehmen und sie in seine politische Arbeit in Berlin einflie\u00dfen zu lassen. Wie wichtig es f\u00fcr den Odenwaldkreis ist, einen Sozialdemokraten aus dem Wahlkreis in Berlin zu haben, hob Landrat Frank Matiaske ausdr\u00fccklich hervor.<\/p>\n<p>Der Neujahrsempfang hielt zudem noch zwei besondere Momente bereit: SPD-Vorstandsmitglied Maria Triesethau pr\u00e4sentierte ihr selbst verfasstes Gedicht &#8222;Mer Sozis&#8220; und appellierte mit selbst gebackenen &#8222;Sozi-Herzen&#8220; mit individuellen Gru\u00dfbotschaften an eben dieses der Genossinnen und Genossen, f\u00fcr eine bessere Gesellschaft. F\u00fcr sein langj\u00e4hriges Engagement f\u00fcr die SPD in der Brensbacher Gemeindevertretung wurde Helmut Sch\u00f6nberg mit Worten des Danks und der Anerkennung vom SPD-Fraktionsvorsitzenden Folke M\u00fcller bedacht. Helmut Sch\u00f6nberg legte aus pers\u00f6nlichen Gr\u00fcnden sein Mandat als Gemeindevertreter nieder. F\u00fcr ihn r\u00fcckt Christian Senker als Mitglied der SPD-Fraktion in die Brensbacher Gemeindevertretung nach.<\/p>\n<p>In seinem Schlusswort bedankte sich Senker bei den vielen Helferinnen und Helfer, die mit ihrem Einsatz diesen sch\u00f6nen Tag erm\u00f6glicht haben, und w\u00fcnschte den Anwesenden mit der folgenden Passage aus &#8222;Mer Sozis&#8220; von Maria Triesethau f\u00fcr das neue Jahr alles Gute, Gesundheit und Zufriedenheit:<\/p>\n<p>Gl\u00fcck auf euch all un e gut Joahr,<br \/>\nmacht woanns g\u00e4jt, nit zu veel Ferz,<br \/>\nbleibt sauwer, ou-stennisch un woahr.<br \/>\nPacke mer\u00b4s ou mit Hirn un Herz!<\/p>\n<p>Bei Kaffee und Kuchen war danach noch gen\u00fcgend Zeit f\u00fcr Gespr\u00e4che in lockerer Atmosph\u00e4re. Die Brensbacher SPD bedankt sich bei allen G\u00e4sten f\u00fcr den sch\u00f6nen Nachmittag im Alten Rathaus.<\/p>\n","protected":false},"excerpt":{"rendered":"<p>Beim Neujahrsempfang blickt die Brensbacher SPD auf ein ereignisreiches Jahr zur\u00fcck und stimmt sich auf die Herausforderungen des Jahres 2017 ein. Der Ortsvereinsvorsitzende Christian Senker findet mahnende Worte gegen Hetze und f\u00fcr den Zusammenhalt in unserer Gesellschaft. Erstmals in der Funktion als Ortsvereinsvorsitzender begr\u00fc\u00dfte Christian Senker die Besucher des Neujahrsempfangs der Brensbacher SPD. Unter den &hellip; <a href=\"https:\/\/www.spd-brensbach.de\/?p=3873\" class=\"more-link\"><span class=\"screen-reader-text\">&#8222;Mer Sozis&#8220; &#8211; Brensbacher Sozialdemokraten stimmen sich auf das neue Jahr ein<\/span> weiterlesen <span class=\"meta-nav\">&rarr;<\/span><\/a><\/p>\n","protected":false},"author":2,"featured_media":3875,"comment_status":"open","ping_status":"closed","sticky":false,"template":"","format":"standard","meta":{"footnotes":""},"categories":[3],"tags":[],"class_list":["post-3873","post","type-post","status-publish","format-standard","has-post-thumbnail","hentry","category-artikel"],"_links":{"self":[{"href":"https:\/\/www.spd-brensbach.de\/index.php?rest_route=\/wp\/v2\/posts\/3873","targetHints":{"allow":["GET"]}}],"collection":[{"href":"https:\/\/www.spd-brensbach.de\/index.php?rest_route=\/wp\/v2\/posts"}],"about":[{"href":"https:\/\/www.spd-brensbach.de\/index.php?rest_route=\/wp\/v2\/types\/post"}],"author":[{"embeddable":true,"href":"https:\/\/www.spd-brensbach.de\/index.php?rest_route=\/wp\/v2\/users\/2"}],"replies":[{"embeddable":true,"href":"https:\/\/www.spd-brensbach.de\/index.php?rest_route=%2Fwp%2Fv2%2Fcomments&post=3873"}],"version-history":[{"count":1,"href":"https:\/\/www.spd-brensbach.de\/index.php?rest_route=\/wp\/v2\/posts\/3873\/revisions"}],"predecessor-version":[{"id":3874,"href":"https:\/\/www.spd-brensbach.de\/index.php?rest_route=\/wp\/v2\/posts\/3873\/revisions\/3874"}],"wp:featuredmedia":[{"embeddable":true,"href":"https:\/\/www.spd-brensbach.de\/index.php?rest_route=\/wp\/v2\/media\/3875"}],"wp:attachment":[{"href":"https:\/\/www.spd-brensbach.de\/index.php?rest_route=%2Fwp%2Fv2%2Fmedia&parent=3873"}],"wp:term":[{"taxonomy":"category","embeddable":true,"href":"https:\/\/www.spd-brensbach.de\/index.php?rest_route=%2Fwp%2Fv2%2Fcategories&post=3873"},{"taxonomy":"post_tag","embeddable":true,"href":"https:\/\/www.spd-brensbach.de\/index.php?rest_route=%2Fwp%2Fv2%2Ftags&post=3873"}],"curies":[{"name":"wp","href":"https:\/\/api.w.org\/{rel}","templated":true}]}}