{"id":3883,"date":"2017-02-10T08:00:48","date_gmt":"2017-02-10T07:00:48","guid":{"rendered":"http:\/\/www.spd-brensbach.de\/?p=3883"},"modified":"2017-02-01T20:54:55","modified_gmt":"2017-02-01T19:54:55","slug":"christian-senker-folgt-auf-helmut-schoenberg","status":"publish","type":"post","link":"https:\/\/www.spd-brensbach.de\/?p=3883","title":{"rendered":"Christian Senker folgt auf Helmut Sch\u00f6nberg"},"content":{"rendered":"<p>Am 26. Januar 2017 r\u00fcckte Christian Senker in die Brensbacher Gemeindevertretung nach. Er tritt damit die Nachfolge von Helmut Sch\u00f6nberg an, der \u2013 wie berichtet \u2013 sein Mandat zum 31. Dezember 2016 aus Altersgr\u00fcnden niedergelegt hatte.<\/p>\n<p>Der studierte Sozialarbeiter betreut aktuell im Auftrag der AWO als Teamleiter jugendliche Fl\u00fcchtlinge im ehemaligen Schullandheim in Affh\u00f6llerbach. Schon seit vielen Jahren engagiert er sich ehrenamtlich f\u00fcr die Jugendlichen in der Gemeinde und ist seit Jahren an der Durchf\u00fchrung der Brensbacher Ferienspiele beteiligt.<\/p>\n<p>Als Vorsitzender des SPD-Ortsvereins Brensbach und damit j\u00fcngster Vorsitzender eines SPD-Ortsvereins im Kreis sowie als jahrelanger Vorsitzender der Jusos im Odenwaldkreis und Vorstandsmitglied des SPD-Unterbezirks ist er kein Unbekannter. Er verf\u00fcgt \u00fcber einen breiten Erfahrungsschatz und ist vielf\u00e4ltig vernetzt.<\/p>\n<p>Wir w\u00fcnschen Christian Senker Kraft und Erfolg in seinem neuen Wirkungskreis als Mitglied unserer Gemeindevertretung.<\/p>\n","protected":false},"excerpt":{"rendered":"<p>Am 26. Januar 2017 r\u00fcckte Christian Senker in die Brensbacher Gemeindevertretung nach. Er tritt damit die Nachfolge von Helmut Sch\u00f6nberg an, der \u2013 wie berichtet \u2013 sein Mandat zum 31. Dezember 2016 aus Altersgr\u00fcnden niedergelegt hatte. Der studierte Sozialarbeiter betreut aktuell im Auftrag der AWO als Teamleiter jugendliche Fl\u00fcchtlinge im ehemaligen Schullandheim in Affh\u00f6llerbach. Schon &hellip; <a href=\"https:\/\/www.spd-brensbach.de\/?p=3883\" class=\"more-link\"><span class=\"screen-reader-text\">Christian Senker folgt auf Helmut Sch\u00f6nberg<\/span> weiterlesen <span class=\"meta-nav\">&rarr;<\/span><\/a><\/p>\n","protected":false},"author":2,"featured_media":3573,"comment_status":"open","ping_status":"closed","sticky":false,"template":"","format":"standard","meta":{"footnotes":""},"categories":[3],"tags":[],"class_list":["post-3883","post","type-post","status-publish","format-standard","has-post-thumbnail","hentry","category-artikel"],"_links":{"self":[{"href":"https:\/\/www.spd-brensbach.de\/index.php?rest_route=\/wp\/v2\/posts\/3883","targetHints":{"allow":["GET"]}}],"collection":[{"href":"https:\/\/www.spd-brensbach.de\/index.php?rest_route=\/wp\/v2\/posts"}],"about":[{"href":"https:\/\/www.spd-brensbach.de\/index.php?rest_route=\/wp\/v2\/types\/post"}],"author":[{"embeddable":true,"href":"https:\/\/www.spd-brensbach.de\/index.php?rest_route=\/wp\/v2\/users\/2"}],"replies":[{"embeddable":true,"href":"https:\/\/www.spd-brensbach.de\/index.php?rest_route=%2Fwp%2Fv2%2Fcomments&post=3883"}],"version-history":[{"count":2,"href":"https:\/\/www.spd-brensbach.de\/index.php?rest_route=\/wp\/v2\/posts\/3883\/revisions"}],"predecessor-version":[{"id":3888,"href":"https:\/\/www.spd-brensbach.de\/index.php?rest_route=\/wp\/v2\/posts\/3883\/revisions\/3888"}],"wp:featuredmedia":[{"embeddable":true,"href":"https:\/\/www.spd-brensbach.de\/index.php?rest_route=\/wp\/v2\/media\/3573"}],"wp:attachment":[{"href":"https:\/\/www.spd-brensbach.de\/index.php?rest_route=%2Fwp%2Fv2%2Fmedia&parent=3883"}],"wp:term":[{"taxonomy":"category","embeddable":true,"href":"https:\/\/www.spd-brensbach.de\/index.php?rest_route=%2Fwp%2Fv2%2Fcategories&post=3883"},{"taxonomy":"post_tag","embeddable":true,"href":"https:\/\/www.spd-brensbach.de\/index.php?rest_route=%2Fwp%2Fv2%2Ftags&post=3883"}],"curies":[{"name":"wp","href":"https:\/\/api.w.org\/{rel}","templated":true}]}}