{"id":3891,"date":"2017-03-03T19:06:31","date_gmt":"2017-03-03T18:06:31","guid":{"rendered":"http:\/\/www.spd-brensbach.de\/?p=3891"},"modified":"2017-03-03T19:06:31","modified_gmt":"2017-03-03T18:06:31","slug":"brensbacher-sozialdemokraten-verurteilen-abschiebungen-nach-afghanistan","status":"publish","type":"post","link":"https:\/\/www.spd-brensbach.de\/?p=3891","title":{"rendered":"Brensbacher Sozialdemokraten verurteilen Abschiebungen nach Afghanistan"},"content":{"rendered":"<p><strong>Die Brensbacher Sozialdemokraten richten sich gegen die Pl\u00e4ne von Bundesinnenminister Thomas de Maizi\u00e9re, Abschiebungen nach Afghanistan auszuweiten. Aus dem aktuellen Jahresbericht der United Nations Assistance Mission in Afghanistan geht hervor, dass Afghanistan nicht als sicheres Land eingestuft werden k\u00f6nne. Alleine im vergangenen Jahr seien dem Bericht zufolge in Afghanistan 11.000 Zivilisten get\u00f6tet oder verletzt worden. Dass Menschen in ein solches Land abgeschoben werden, nur um ein abschreckendes Exempel zu statuieren, ist der falsche Weg. Fluchtursachen m\u00fcssen bek\u00e4mpft und nicht ignoriert werden, so die Brensbacher Sozialdemokraten.<\/strong><\/p>\n<p>Dabei sollte De Maizi\u00e8re, fr\u00fcher selbst Verteidigungsminister, die Lage in Afghanistan eigentlich realistisch einsch\u00e4tzen k\u00f6nnen, so der SPD-Vorstand. Mit Schutzweste am K\u00f6rper und in gepanzerten Fahrzeugen machte sich der Minister zuletzt ein Bild der Lage vor Ort. Ob nun \u201esichere\u201c Gebiete oder \u201evergleichsweise ruhige\u201c Regionen, von denen mittlerweile die Rede ist, De Maiziere ist weder in der Lage konkret zu benennen, wo sich diese Gebiete befinden, noch kann er diese Einsch\u00e4tzung sachlich begr\u00fcnden.<\/p>\n<p>Statt die Lage der Menschen, die aus Afghanistan geflohen sind, ernst zu nehmen, bediene der CDU-Minister den politischen rechten Rand, indem er mit seinen \u00c4u\u00dferungen ein hartes Vorgehen gegen\u00fcber Gefl\u00fcchteten pr\u00e4sentiert, so Christian Senker, Vorsitzender der Brensbach SPD.<\/p>\n<p>Senker ist selbst f\u00fcr die Arbeiterwohlfahrt in der Jugendhilfeeinrichtung f\u00fcr Gefl\u00fcchtete aus Afghanistan und Syrien im Brensbacher Ortsteil Affh\u00f6llerbach als Teamleiter t\u00e4tig und wei\u00df, dass von dieser politischen Entwicklung auch einige der neuen Mitb\u00fcrger in Brensbach betroffen sind. Die aktuelle Lage beschreibt er daher wie folgt: \u201eDurch die Androhung und Umsetzung einer h\u00e4rteren Abschiebepraxis, speziell nach Afghanistan, wird ein enormer Druck aufgebaut. Die Anspannung ist manchmal fast greifbar und spiegelt die enorme Unsicherheit der jungen Afghanen. Wenn selbst Schule und Ausbildung keinen sicheren Schutz vor der Abschiebung bieten, wird den Jugendlichen und jungen Erwachsenen jede Perspektive genommen. Die zahlreichen ehrenamtlichen Helferinnen und Helfer sowie die hauptberuflichen Betreuerinnen und Betreuer aus unserer Gemeinde k\u00f6nnen best\u00e4tigen, wie schwierig die Lage momentan ist\u201c.<\/p>\n<p>Die Politik der sicheren Herkunftsstaaten ist generell der falsche Weg. Im Falle Afghanistan kann sicherlich nicht von einem sicheren Land, in das \u201eR\u00fcckf\u00fchrungen\u201c mit gutem Gewissen durchgef\u00fchrt werden k\u00f6nnen, gesprochen werden, so der SPD-Vorsitzende.<br \/>\nDiese Haltung sieht der SPD-Vorstand auch dadurch best\u00e4tigt, dass mit Bremen, Th\u00fcringen, Niedersachsen, Rheinland-Pfalz und Schleswig-Holstein f\u00fcnf Bundesl\u00e4nder, an deren Regierungen die SPD beteiligt sind, von Abschiebungen nach Afghanistan Abstand genommen haben.<\/p>\n<p>Die klare Haltung fordert der SPD-Vorstand von allen SPD-Gliederungen, vom kleinen Ortsverein bis zum Landesvorstand. \u201eNur wenn die Sozialdemokratie geschlossen f\u00fcr Mitmenschlichkeit steht, kann der Druck auch auf die hessische Landesregierung, bestehend aus CDU und Gr\u00fcnen, erh\u00f6ht und eine humane Asylpolitik gef\u00f6rdert werden\u201c, so Senker abschlie\u00dfend.<\/p>\n<p><small>Foto: Jerzy Sawluk \/ <a href=\"http:\/\/www.pixelio.de\/\" title=\"pixelio\" target=\"_blank\">pixelio<\/a><\/small><\/p>\n","protected":false},"excerpt":{"rendered":"<p>Die Brensbacher Sozialdemokraten richten sich gegen die Pl\u00e4ne von Bundesinnenminister Thomas de Maizi\u00e9re, Abschiebungen nach Afghanistan auszuweiten. Aus dem aktuellen Jahresbericht der United Nations Assistance Mission in Afghanistan geht hervor, dass Afghanistan nicht als sicheres Land eingestuft werden k\u00f6nne. Alleine im vergangenen Jahr seien dem Bericht zufolge in Afghanistan 11.000 Zivilisten get\u00f6tet oder verletzt worden. &hellip; <a href=\"https:\/\/www.spd-brensbach.de\/?p=3891\" class=\"more-link\"><span class=\"screen-reader-text\">Brensbacher Sozialdemokraten verurteilen Abschiebungen nach Afghanistan<\/span> weiterlesen <span class=\"meta-nav\">&rarr;<\/span><\/a><\/p>\n","protected":false},"author":2,"featured_media":3892,"comment_status":"open","ping_status":"closed","sticky":false,"template":"","format":"standard","meta":{"footnotes":""},"categories":[3],"tags":[],"class_list":["post-3891","post","type-post","status-publish","format-standard","has-post-thumbnail","hentry","category-artikel"],"_links":{"self":[{"href":"https:\/\/www.spd-brensbach.de\/index.php?rest_route=\/wp\/v2\/posts\/3891","targetHints":{"allow":["GET"]}}],"collection":[{"href":"https:\/\/www.spd-brensbach.de\/index.php?rest_route=\/wp\/v2\/posts"}],"about":[{"href":"https:\/\/www.spd-brensbach.de\/index.php?rest_route=\/wp\/v2\/types\/post"}],"author":[{"embeddable":true,"href":"https:\/\/www.spd-brensbach.de\/index.php?rest_route=\/wp\/v2\/users\/2"}],"replies":[{"embeddable":true,"href":"https:\/\/www.spd-brensbach.de\/index.php?rest_route=%2Fwp%2Fv2%2Fcomments&post=3891"}],"version-history":[{"count":3,"href":"https:\/\/www.spd-brensbach.de\/index.php?rest_route=\/wp\/v2\/posts\/3891\/revisions"}],"predecessor-version":[{"id":3895,"href":"https:\/\/www.spd-brensbach.de\/index.php?rest_route=\/wp\/v2\/posts\/3891\/revisions\/3895"}],"wp:featuredmedia":[{"embeddable":true,"href":"https:\/\/www.spd-brensbach.de\/index.php?rest_route=\/wp\/v2\/media\/3892"}],"wp:attachment":[{"href":"https:\/\/www.spd-brensbach.de\/index.php?rest_route=%2Fwp%2Fv2%2Fmedia&parent=3891"}],"wp:term":[{"taxonomy":"category","embeddable":true,"href":"https:\/\/www.spd-brensbach.de\/index.php?rest_route=%2Fwp%2Fv2%2Fcategories&post=3891"},{"taxonomy":"post_tag","embeddable":true,"href":"https:\/\/www.spd-brensbach.de\/index.php?rest_route=%2Fwp%2Fv2%2Ftags&post=3891"}],"curies":[{"name":"wp","href":"https:\/\/api.w.org\/{rel}","templated":true}]}}