{"id":4708,"date":"2019-10-17T13:58:10","date_gmt":"2019-10-17T12:58:10","guid":{"rendered":"https:\/\/www.spd-brensbach.de\/?p=4708"},"modified":"2019-10-25T14:01:32","modified_gmt":"2019-10-25T13:01:32","slug":"faschismus-das-war-einmal","status":"publish","type":"post","link":"https:\/\/www.spd-brensbach.de\/?p=4708","title":{"rendered":"Faschismus? Das war einmal!?"},"content":{"rendered":"\n<p>Das ist die Verirrung vergangener Generationen und heute gar nicht mehr m\u00f6glich?<\/p>\n\n\n\n<p>So zumindest ist die landl\u00e4ufige Meinung unter den Sch\u00fclern des Gymnasiallehrers Rainer Wenger (J\u00fcrgen Vogel). Damit kann sich Herr Wenger nicht abfinden. Er startet in seiner Klasse ein Experiment, das den Sch\u00fclern die Entstehung einer Diktatur am eigenen Leibe vor Augen f\u00fchren soll. Die Sch\u00fcler sollen eine Organisation formen, in der Begriffe wie Disziplin und Gemeinschaft die wichtigsten G\u00fcter sind. Er selbst ernennt sich zum Anf\u00fchrer der Bewegung und tauft sie: <strong>Die Welle<\/strong>.<\/p>\n\n\n\n<p>Doch wo Gemeinschaft ist, gibt es schnell auch diejenigen, die nicht dazu geh\u00f6ren wollen oder sollen. Schon wenige Tage nach Beginn des Experiments, werden diese Au\u00dfenseiter von den Mitgliedern der Welle gemobbt, geh\u00e4nselt und es kommt noch schlimmer. Wenger muss erkennen, dass er die Kontrolle \u00fcber das Experiment zunehmend verliert und dass die Lektion f\u00fcr seine Sch\u00fcler auch ihn unvorbereitet trifft.<\/p>\n\n\n\n<p><strong>Die Welle<\/strong> ist die Verfilmung des Romans von Morton Rhue. Dieser geht wiederum auf eine reale Begebenheit zur\u00fcck: Ein Experiment, das 1967 unter dem Namen \u2018The Third Wave\u2019 in Kalifornien stattfand.<\/p>\n\n\n\n<p>Das B\u00fcndnis \u201eOdenwald gegen Rechts &#8211; bunt statt braun\u201c l\u00e4dt in Kooperation mit dem DGB und der Gemeinde Brensbach zu einer <strong>Vorf\u00fchrung dieses hochaktuellen Films am 7. November 2019 um 19.00 Uhr in die Kulturhalle des Gemeindezentrums<\/strong>, Ezyer Stra\u00dfe 5, 64395 Brensbach ein.<\/p>\n\n\n\n<p>Der Eintritt ist frei.<\/p>\n","protected":false},"excerpt":{"rendered":"<p>Das ist die Verirrung vergangener Generationen und heute gar nicht mehr m\u00f6glich? So zumindest ist die landl\u00e4ufige Meinung unter den Sch\u00fclern des Gymnasiallehrers Rainer Wenger (J\u00fcrgen Vogel). Damit kann sich Herr Wenger nicht abfinden. Er startet in seiner Klasse ein Experiment, das den Sch\u00fclern die Entstehung einer Diktatur am eigenen Leibe vor Augen f\u00fchren soll. &hellip; <a href=\"https:\/\/www.spd-brensbach.de\/?p=4708\" class=\"more-link\"><span class=\"screen-reader-text\">Faschismus? Das war einmal!?<\/span> weiterlesen <span class=\"meta-nav\">&rarr;<\/span><\/a><\/p>\n","protected":false},"author":2,"featured_media":4705,"comment_status":"closed","ping_status":"closed","sticky":false,"template":"","format":"standard","meta":{"footnotes":""},"categories":[3],"tags":[],"class_list":["post-4708","post","type-post","status-publish","format-standard","has-post-thumbnail","hentry","category-artikel"],"_links":{"self":[{"href":"https:\/\/www.spd-brensbach.de\/index.php?rest_route=\/wp\/v2\/posts\/4708","targetHints":{"allow":["GET"]}}],"collection":[{"href":"https:\/\/www.spd-brensbach.de\/index.php?rest_route=\/wp\/v2\/posts"}],"about":[{"href":"https:\/\/www.spd-brensbach.de\/index.php?rest_route=\/wp\/v2\/types\/post"}],"author":[{"embeddable":true,"href":"https:\/\/www.spd-brensbach.de\/index.php?rest_route=\/wp\/v2\/users\/2"}],"replies":[{"embeddable":true,"href":"https:\/\/www.spd-brensbach.de\/index.php?rest_route=%2Fwp%2Fv2%2Fcomments&post=4708"}],"version-history":[{"count":1,"href":"https:\/\/www.spd-brensbach.de\/index.php?rest_route=\/wp\/v2\/posts\/4708\/revisions"}],"predecessor-version":[{"id":4709,"href":"https:\/\/www.spd-brensbach.de\/index.php?rest_route=\/wp\/v2\/posts\/4708\/revisions\/4709"}],"wp:featuredmedia":[{"embeddable":true,"href":"https:\/\/www.spd-brensbach.de\/index.php?rest_route=\/wp\/v2\/media\/4705"}],"wp:attachment":[{"href":"https:\/\/www.spd-brensbach.de\/index.php?rest_route=%2Fwp%2Fv2%2Fmedia&parent=4708"}],"wp:term":[{"taxonomy":"category","embeddable":true,"href":"https:\/\/www.spd-brensbach.de\/index.php?rest_route=%2Fwp%2Fv2%2Fcategories&post=4708"},{"taxonomy":"post_tag","embeddable":true,"href":"https:\/\/www.spd-brensbach.de\/index.php?rest_route=%2Fwp%2Fv2%2Ftags&post=4708"}],"curies":[{"name":"wp","href":"https:\/\/api.w.org\/{rel}","templated":true}]}}