{"id":4710,"date":"2019-10-16T14:23:09","date_gmt":"2019-10-16T13:23:09","guid":{"rendered":"https:\/\/www.spd-brensbach.de\/?p=4710"},"modified":"2019-12-27T10:12:39","modified_gmt":"2019-12-27T09:12:39","slug":"spd-brensbach-trauert-um-ehrenbuergermeister-willi-riedel","status":"publish","type":"post","link":"https:\/\/www.spd-brensbach.de\/?p=4710","title":{"rendered":"SPD Brensbach trauert um Willi Riedel"},"content":{"rendered":"\n<p>Im Rahmen einer Mitgliederversammlung gedachten die Brensbacher Sozialdemokraten dem k\u00fcrzlich verstorbenen Willi Riedel. Der pl\u00f6tzliche und unerwartete Tod des Brensbacher Ehrenb\u00fcrgermeisters war Grund zu gro\u00dfer Trauer f\u00fcr die Parteimitglieder. Willi Riedel verstarb in der Nacht zum Sonntag, den 13. Oktober 2019, im Alter von 79 Jahren. Am 1. November w\u00e4re er 80 Jahre alt geworden.<\/p>\n\n\n\n<p>Bereits 1967 ist Willi Riedel in die SPD eingetreten und ihr bis zuletzt \u00fcber 50 Jahre treu geblieben. Diese Treue w\u00fcrdigten die Anwesenden wie auch seine politischen Erfolge und den \u00fcberaus engagierten Einsatz f\u00fcr die Gemeinde Brensbach. Als Amtsvorg\u00e4nger von Rainer M\u00fcller und Hans-Georg Stosiek hatte Willi Riedel von 1972 bis 1997 fast 25 Jahre das Heft des Handelns in der Hand. Zu seinen gr\u00f6\u00dften Erfolgen geh\u00f6rten dabei unter vielen Weiteren, die Umsetzung der Gebietsreform 1972 und die Integration der heutigen Ortsteile in die Gro\u00dfgemeinde Brensbach, die Gr\u00fcndung des Abwasserverbands Obere Gersprenz oder der Aufbau der bis heute innigen Freundschaft zur franz\u00f6sischen Partnergemeinde Ezy-sur-Eure.<\/p>\n\n\n\n<p>In der Trauerrede betonte Christian Senker als Vorsitzender der SPD Brensbach auch Willi Riedels Verdienste f\u00fcr die Sozialdemokratie in der Gemeinde und dar\u00fcber hinaus. Wie der Vorsitzende ausf\u00fchrte waren nach Willi Riedels Amtsantritt viele Brensbacher neu in die SPD eingetreten, um sich kommunalpolitisch f\u00fcr Ihre Gemeinde zu engagieren.<\/p>\n\n\n\n<p>Wir werden uns in Dankbarkeit an Willi Riedel erinnern und ihm ein ehrendes Andenken bewahren.<\/p>\n","protected":false},"excerpt":{"rendered":"<p>Im Rahmen einer Mitgliederversammlung gedachten die Brensbacher Sozialdemokraten dem k\u00fcrzlich verstorbenen Willi Riedel. Der pl\u00f6tzliche und unerwartete Tod des Brensbacher Ehrenb\u00fcrgermeisters war Grund zu gro\u00dfer Trauer f\u00fcr die Parteimitglieder. Willi Riedel verstarb in der Nacht zum Sonntag, den 13. Oktober 2019, im Alter von 79 Jahren. Am 1. November w\u00e4re er 80 Jahre alt geworden. &hellip; <a href=\"https:\/\/www.spd-brensbach.de\/?p=4710\" class=\"more-link\"><span class=\"screen-reader-text\">SPD Brensbach trauert um Willi Riedel<\/span> weiterlesen <span class=\"meta-nav\">&rarr;<\/span><\/a><\/p>\n","protected":false},"author":2,"featured_media":4713,"comment_status":"closed","ping_status":"closed","sticky":false,"template":"","format":"standard","meta":{"footnotes":""},"categories":[3],"tags":[],"class_list":["post-4710","post","type-post","status-publish","format-standard","has-post-thumbnail","hentry","category-artikel"],"_links":{"self":[{"href":"https:\/\/www.spd-brensbach.de\/index.php?rest_route=\/wp\/v2\/posts\/4710","targetHints":{"allow":["GET"]}}],"collection":[{"href":"https:\/\/www.spd-brensbach.de\/index.php?rest_route=\/wp\/v2\/posts"}],"about":[{"href":"https:\/\/www.spd-brensbach.de\/index.php?rest_route=\/wp\/v2\/types\/post"}],"author":[{"embeddable":true,"href":"https:\/\/www.spd-brensbach.de\/index.php?rest_route=\/wp\/v2\/users\/2"}],"replies":[{"embeddable":true,"href":"https:\/\/www.spd-brensbach.de\/index.php?rest_route=%2Fwp%2Fv2%2Fcomments&post=4710"}],"version-history":[{"count":4,"href":"https:\/\/www.spd-brensbach.de\/index.php?rest_route=\/wp\/v2\/posts\/4710\/revisions"}],"predecessor-version":[{"id":4773,"href":"https:\/\/www.spd-brensbach.de\/index.php?rest_route=\/wp\/v2\/posts\/4710\/revisions\/4773"}],"wp:featuredmedia":[{"embeddable":true,"href":"https:\/\/www.spd-brensbach.de\/index.php?rest_route=\/wp\/v2\/media\/4713"}],"wp:attachment":[{"href":"https:\/\/www.spd-brensbach.de\/index.php?rest_route=%2Fwp%2Fv2%2Fmedia&parent=4710"}],"wp:term":[{"taxonomy":"category","embeddable":true,"href":"https:\/\/www.spd-brensbach.de\/index.php?rest_route=%2Fwp%2Fv2%2Fcategories&post=4710"},{"taxonomy":"post_tag","embeddable":true,"href":"https:\/\/www.spd-brensbach.de\/index.php?rest_route=%2Fwp%2Fv2%2Ftags&post=4710"}],"curies":[{"name":"wp","href":"https:\/\/api.w.org\/{rel}","templated":true}]}}