{"id":4834,"date":"2020-02-16T08:28:00","date_gmt":"2020-02-16T07:28:00","guid":{"rendered":"https:\/\/www.spd-brensbach.de\/?p=4834"},"modified":"2020-02-16T20:35:27","modified_gmt":"2020-02-16T19:35:27","slug":"entwicklungsoffensive-ortskerne-startet","status":"publish","type":"post","link":"https:\/\/www.spd-brensbach.de\/?p=4834","title":{"rendered":"Entwicklungs-offensive Ortskerne startet"},"content":{"rendered":"\n<p><strong>Stadt- und Verkehrsplanung zusammendenken. F\u00fcr eine sch\u00f6ne und sichere Ortsmitte.<\/strong><\/p>\n\n\n\n<p>Was macht die Gemeinde Brensbach mit rund 5.000 Einwohnern als Kommune des Odenwaldkreises attraktiv? Bezahlbarer und naturnaher Wohnraum, Schulen vor Ort, flexible Kinderbetreuung, gute Verkehrsanbindung, vielf\u00e4ltiges Vereinsangebot f\u00fcr Jung und Alt sowie eine gute Gesundheitsversorgung werden in diesem Zusammenhang immer wieder genannt. Doch zu einer attraktiven Kommune z\u00e4hlt auch eine lebendige, urbane Ortsmitte.<\/p>\n\n\n\n<p>Die Gemeinde Brensbach rief daher auf Antrag der SPD-Fraktion zur Erarbeitung eines <a href=\"\/?p=3215\">Leitbildes f\u00fcr Brensbach<\/a> auf. Unter dem Motto \u201eBrensbach 2015-2030 \u2013 Wir B\u00fcrger planen unsere Zukunft. Gemeinsam.\u201c befassten sich daraufhin engagierte B\u00fcrgerinnen und B\u00fcrger in mehreren Projektgruppen mit der Entwicklung unserer Gemeinde. Aufbauend auf diesen Ausarbeitungen sowie eigenen Untersuchungen stellte im Sommer 2019 schlie\u00dflich das Institut f\u00fcr Marketing und Kommunalentwicklung \u201eimakomm AKADEMIE GmbH\u201c in einer B\u00fcrgerversammlung die \u201eEntwicklungsoffensive Ortskerne\u201c vor. Daraufhin beantragte B\u00fcrgermeister M\u00fcller die zeitnahe Umsetzung der darin genannten, konkreten Handlungsoptionen. Die Gemeindevertretung stimmte dem Antrag zu und beschloss Mittel bereitzustellen, die noch in diesem Jahr Planungsarbeiten zur Neuordnung des Professor-Eduard-Anthes Platzes und der umliegenden Stra\u00dfenz\u00fcge erlauben. Die Entlastung der Waldstra\u00dfe vom Schwerlastverkehr steht damit in direktem Zusammenhang. Daf\u00fcr m\u00fcssten jedoch am Bolzplatz angesiedelte Gewerbebetriebe in den neuen <a href=\"\/?p=4858\">Gewerbepark Gersprenztal<\/a> an der B38 umziehen. Die bereitstehenden Mittel dienen auch der Behebung von Leerstand in der Ortsmitte. Ein einheitliches Beschilderungssystem sowie WLAN-Hotspots werden ebenfalls realisiert.<\/p>\n\n\n\n<p>SPD-Fraktion und B\u00fcrgermeister Rainer M\u00fcller ist die Einbeziehung der Anwohner und aller Beteiligten in den nun folgenden Planungsprozess sehr wichtig. Im offenen Dialog soll so ein umfassendes und tragf\u00e4higes Konzept entstehen, das im Einvernehmen mit allen Beteiligten umgesetzt werden kann. Zudem legen wir bei der Umgestaltung gro\u00dfen Wert auf die Einhaltung der Verkehrssicherheit und der Barrierefreiheit. Fu\u00dfg\u00e4ngern soll das Fortbewegen im Ortskern auch mit Rollator und Kinderwagen erleichtert werden. Breitere B\u00fcrgersteige und sichere Stra\u00dfen\u00fcberg\u00e4nge sollen f\u00fcr mehr Sicherheit auch f\u00fcr die j\u00fcngsten Verkehrsteilnehmer sorgen.<\/p>\n\n\n\n<p>Dar\u00fcber hinaus m\u00f6chte B\u00fcrgermeister Rainer M\u00fcller durch eine kommunale F\u00f6rderstrategie dazu motivieren, leerstehende Immobilien in den Innenbereichen wieder f\u00fcr Wohnzwecke nutzbar zu machen. Daf\u00fcr lie\u00dfen sich beispielsweise Erl\u00f6se aus dem Verkauf von Grundst\u00fccken im <a href=\"\/?p=4847\">Baugebiet \u201eAm Kirschberg\u201c<\/a> verwenden. SPD und B\u00fcrgermeister betonen ausdr\u00fccklich, dass alle Ortsteile in diesen Prozess einbezogen werden.<\/p>\n","protected":false},"excerpt":{"rendered":"<p>Stadt- und Verkehrsplanung zusammendenken. F\u00fcr eine sch\u00f6ne und sichere Ortsmitte. Was macht die Gemeinde Brensbach mit rund 5.000 Einwohnern als Kommune des Odenwaldkreises attraktiv? Bezahlbarer und naturnaher Wohnraum, Schulen vor Ort, flexible Kinderbetreuung, gute Verkehrsanbindung, vielf\u00e4ltiges Vereinsangebot f\u00fcr Jung und Alt sowie eine gute Gesundheitsversorgung werden in diesem Zusammenhang immer wieder genannt. Doch zu einer &hellip; <a href=\"https:\/\/www.spd-brensbach.de\/?p=4834\" class=\"more-link\"><span class=\"screen-reader-text\">Entwicklungs-offensive Ortskerne startet<\/span> weiterlesen <span class=\"meta-nav\">&rarr;<\/span><\/a><\/p>\n","protected":false},"author":2,"featured_media":4835,"comment_status":"closed","ping_status":"closed","sticky":false,"template":"","format":"standard","meta":{"footnotes":""},"categories":[3],"tags":[],"class_list":["post-4834","post","type-post","status-publish","format-standard","has-post-thumbnail","hentry","category-artikel"],"_links":{"self":[{"href":"https:\/\/www.spd-brensbach.de\/index.php?rest_route=\/wp\/v2\/posts\/4834","targetHints":{"allow":["GET"]}}],"collection":[{"href":"https:\/\/www.spd-brensbach.de\/index.php?rest_route=\/wp\/v2\/posts"}],"about":[{"href":"https:\/\/www.spd-brensbach.de\/index.php?rest_route=\/wp\/v2\/types\/post"}],"author":[{"embeddable":true,"href":"https:\/\/www.spd-brensbach.de\/index.php?rest_route=\/wp\/v2\/users\/2"}],"replies":[{"embeddable":true,"href":"https:\/\/www.spd-brensbach.de\/index.php?rest_route=%2Fwp%2Fv2%2Fcomments&post=4834"}],"version-history":[{"count":4,"href":"https:\/\/www.spd-brensbach.de\/index.php?rest_route=\/wp\/v2\/posts\/4834\/revisions"}],"predecessor-version":[{"id":4882,"href":"https:\/\/www.spd-brensbach.de\/index.php?rest_route=\/wp\/v2\/posts\/4834\/revisions\/4882"}],"wp:featuredmedia":[{"embeddable":true,"href":"https:\/\/www.spd-brensbach.de\/index.php?rest_route=\/wp\/v2\/media\/4835"}],"wp:attachment":[{"href":"https:\/\/www.spd-brensbach.de\/index.php?rest_route=%2Fwp%2Fv2%2Fmedia&parent=4834"}],"wp:term":[{"taxonomy":"category","embeddable":true,"href":"https:\/\/www.spd-brensbach.de\/index.php?rest_route=%2Fwp%2Fv2%2Fcategories&post=4834"},{"taxonomy":"post_tag","embeddable":true,"href":"https:\/\/www.spd-brensbach.de\/index.php?rest_route=%2Fwp%2Fv2%2Ftags&post=4834"}],"curies":[{"name":"wp","href":"https:\/\/api.w.org\/{rel}","templated":true}]}}