{"id":5366,"date":"2021-06-04T09:39:10","date_gmt":"2021-06-04T07:39:10","guid":{"rendered":"https:\/\/www.spd-brensbach.de\/?p=5366"},"modified":"2021-06-05T09:47:04","modified_gmt":"2021-06-05T07:47:04","slug":"jugendliche-sollen-den-neuen-multifunktionsplatz-mitgestalten","status":"publish","type":"post","link":"https:\/\/www.spd-brensbach.de\/?p=5366","title":{"rendered":"Jugendliche sollen den neuen Multifunktionsplatz mitgestalten"},"content":{"rendered":"\n<p><strong>Brensbacher SPD macht Tempo bei der Gestaltung der alten Tennispl\u00e4tze in Brensbach. Diese sollen als Sport- und Freizeitfl\u00e4che f\u00fcr Jugendliche zur Verf\u00fcgung stehen.<\/strong><\/p>\n\n\n\n<p>Am Dienstag, den 1. Juni 2021 wurde im Ausschuss f\u00fcr Sport, Kultur und Soziales \u00fcber die weitere Vorgehensweise unter dem Titel \u201eMultifunktionsplatz\u201c beraten. Daf\u00fcr hat die SPD-Fraktion konkrete Handlungsschritte erarbeitet und einen m\u00f6glichen Zeitplan vorgestellt. Diese wurden im Vorfeld mit Bauamtsleiter Volker Weigel besprochen.<\/p>\n\n\n\n<p>Der wichtigste Bestandteil ist f\u00fcr die Sozialdemokraten die Umsetzung der Jugendbeteiligung. Die SPD schl\u00e4gt vor, die alten Tennispl\u00e4tze zwischen dem Waldkindergarten und dem SSV-Gel\u00e4nde in Brensbach f\u00fcr Jugendliche und junge Vollj\u00e4hrige zur Verf\u00fcgung zu stellen. Selbstverst\u00e4ndlich wird die Fl\u00e4che allen frei zur Verf\u00fcgung stehen. In einem Prozess der Jugendbeteiligung sollen aber die Interessen von Jugendlichen im Vordergrund stehen. Sie werden bei der Gestaltung der Fl\u00e4che mitentscheiden k\u00f6nnen. Fest stehe nur die Zielrichtung: Eine Sport- und Freizeitfl\u00e4che soll es werden, die der Jugend als Ausgleich zum weggefallenen Bolzplatz dient.<\/p>\n\n\n\n<p>Der Ausschuss stimmte zu. Unterst\u00fctzung und positives Feedback zur Vorarbeit der SPD-Fraktion gab es in der Ausschusssitzung aus allen Fraktionen. \u201eWir freuen uns \u00fcber die breite Zustimmung der Ausschussmitglieder. Wir geben hier fraktions\u00fcbergreifend das richtige Signal an die Jugend, so dass der Beteiligungsprozess nun starten kann\u201c, freute sich Christian Senker als Fraktionsvorsitzender der SPD \u00fcber das Ergebnis der Ausschusssitzung. Lediglich am angestrebten Zeitplan wurden mit Blick auf die Haushaltslage Bedenken ge\u00e4u\u00dfert. Die SPD strebt die konkrete Planung auf Grundlage der Ergebnisse der Jugendbeteiligung f\u00fcr das n\u00e4chste Jahr an. Die Umsetzung soll dann in 2023 erfolgen. Bis Oktober sollen nun erste Ergebnisse der Jugendbeteiligung unter der Federf\u00fchrung des kommunalen Jugendpflegers Torsten Hormel erarbeitet werden, so dass dann eine Kostensch\u00e4tzung und die Einplanung der Kosten f\u00fcr ein Planungsb\u00fcro in den n\u00e4chsten Haushalt erfolgen kann. Dar\u00fcber wird dann zusammen mit dem Haupt- und Finanzausschuss beraten.<br>Als Ausschussmitglieder warben Sabine Belinga Belinga und Anja Marquardt (beide SPD) daf\u00fcr, das Projekt trotz eventuellem Kostendruck mit hoher Priorit\u00e4t zu behandeln. Selbstverst\u00e4ndlich m\u00fcsse die Kostenplanung sehr genau erfolgen, in Anbetracht der Corona-Pandemie habe die Jugend in vielen Dingen zur\u00fcckstecken m\u00fcssen. Daher gehe es auch um ein klares Signal aus der Politik, R\u00e4ume f\u00fcr junge Menschen erm\u00f6glichen zu wollen.<br>Ewald Eifert (SPD) erg\u00e4nzte, dass der Bauhof der Gemeinde als unmittelbaren Ausgleich zum wegfallenden Bolzplatz eine \u00dcbergangsl\u00f6sung auf den alten Tennispl\u00e4tzen bis zu den Sommerferien erm\u00f6glichen m\u00f6chte, \u201edamit hier wieder gebolzt werden kann\u201c. Auch die daran angrenzende Sprunggrube mit Laufbahn steht auf der ToDo Liste, um den Grundschulen die Nutzung nach den Ferien wieder zu erm\u00f6glichen.<\/p>\n\n\n\n<p>Mit ihrem aktuellen Vorsto\u00df bringt die SPD-Fraktion bereits zu Beginn der neuen Legislaturperiode ein weiteres Ziel aus ihrem <a href=\"https:\/\/www.spd-brensbach.de\/downloads\/spd_wahlbroschuere_2021.pdf\">Wahlprogramm<\/a> auf den Weg. \u201eIn Brensbach geht es weiter voran!\u201c, betont Senker. Dies werde derzeit an vielen Stellen sichtbar. Dazu geh\u00f6rt die Umsetzung vieler Gro\u00dfprojekte wie der Sanierung der Kulturhalle, dem Wohngebiet am Kirschberg und der Entwicklung des Gewerbeparks Gersprenztal an der B38. Der nun angestrebte Verkauf des alten Bolzplatzes f\u00fcr die Schaffung von Wohnraum sei ein weiterer Meilenstein. Es sei daher nur konsequent nun auch die Jugend verst\u00e4rkt in den Blick zu nehmen.<\/p>\n\n\n\n<p><a href=\"\/downloads\/spd_antrag_multifunktionsplatz_2021-05-10.pdf\">Eingabe vom 10. Mai 2021 lesen<\/a><br><a href=\"\/downloads\/spd_antrag_multifunktionsplatz_2020-09-11.pdf\">Antrag vom 11. September 2020 lesen<\/a><\/p>\n","protected":false},"excerpt":{"rendered":"<p>Brensbacher SPD macht Tempo bei der Gestaltung der alten Tennispl\u00e4tze in Brensbach. Diese sollen als Sport- und Freizeitfl\u00e4che f\u00fcr Jugendliche zur Verf\u00fcgung stehen. Am Dienstag, den 1. Juni 2021 wurde im Ausschuss f\u00fcr Sport, Kultur und Soziales \u00fcber die weitere Vorgehensweise unter dem Titel \u201eMultifunktionsplatz\u201c beraten. Daf\u00fcr hat die SPD-Fraktion konkrete Handlungsschritte erarbeitet und einen &hellip; <a href=\"https:\/\/www.spd-brensbach.de\/?p=5366\" class=\"more-link\"><span class=\"screen-reader-text\">Jugendliche sollen den neuen Multifunktionsplatz mitgestalten<\/span> weiterlesen <span class=\"meta-nav\">&rarr;<\/span><\/a><\/p>\n","protected":false},"author":2,"featured_media":5367,"comment_status":"closed","ping_status":"closed","sticky":false,"template":"","format":"standard","meta":{"footnotes":""},"categories":[2],"tags":[],"class_list":["post-5366","post","type-post","status-publish","format-standard","has-post-thumbnail","hentry","category-antrage"],"_links":{"self":[{"href":"https:\/\/www.spd-brensbach.de\/index.php?rest_route=\/wp\/v2\/posts\/5366","targetHints":{"allow":["GET"]}}],"collection":[{"href":"https:\/\/www.spd-brensbach.de\/index.php?rest_route=\/wp\/v2\/posts"}],"about":[{"href":"https:\/\/www.spd-brensbach.de\/index.php?rest_route=\/wp\/v2\/types\/post"}],"author":[{"embeddable":true,"href":"https:\/\/www.spd-brensbach.de\/index.php?rest_route=\/wp\/v2\/users\/2"}],"replies":[{"embeddable":true,"href":"https:\/\/www.spd-brensbach.de\/index.php?rest_route=%2Fwp%2Fv2%2Fcomments&post=5366"}],"version-history":[{"count":5,"href":"https:\/\/www.spd-brensbach.de\/index.php?rest_route=\/wp\/v2\/posts\/5366\/revisions"}],"predecessor-version":[{"id":5373,"href":"https:\/\/www.spd-brensbach.de\/index.php?rest_route=\/wp\/v2\/posts\/5366\/revisions\/5373"}],"wp:featuredmedia":[{"embeddable":true,"href":"https:\/\/www.spd-brensbach.de\/index.php?rest_route=\/wp\/v2\/media\/5367"}],"wp:attachment":[{"href":"https:\/\/www.spd-brensbach.de\/index.php?rest_route=%2Fwp%2Fv2%2Fmedia&parent=5366"}],"wp:term":[{"taxonomy":"category","embeddable":true,"href":"https:\/\/www.spd-brensbach.de\/index.php?rest_route=%2Fwp%2Fv2%2Fcategories&post=5366"},{"taxonomy":"post_tag","embeddable":true,"href":"https:\/\/www.spd-brensbach.de\/index.php?rest_route=%2Fwp%2Fv2%2Ftags&post=5366"}],"curies":[{"name":"wp","href":"https:\/\/api.w.org\/{rel}","templated":true}]}}