{"id":5786,"date":"2024-03-29T12:51:58","date_gmt":"2024-03-29T11:51:58","guid":{"rendered":"https:\/\/www.spd-brensbach.de\/?p=5786"},"modified":"2024-05-21T15:46:07","modified_gmt":"2024-05-21T13:46:07","slug":"antrag-zur-staerkung-des-kulturamts","status":"publish","type":"post","link":"https:\/\/www.spd-brensbach.de\/?p=5786","title":{"rendered":"Antrag zur St\u00e4rkung des Kulturamts"},"content":{"rendered":"\n<p><strong>Brensbach zeichnet sich durch vielf\u00e4ltige kulturelle Angebote in allen Ortsteilen aus, die auch das Miteinander in unserer Gemeinde pr\u00e4gen und Brensbach f\u00fcr alle Generationen lebenswert macht. Aus Sicht der SPD-Fraktion geh\u00f6rt es zu den wesentlichen Aufgaben der gemeindlichen Gremien sowie der Verwaltung, das b\u00fcrgerschaftliche Engagement von Vereinen, Initiativen und ehrenamtlich t\u00e4tigen Personen zu f\u00f6rdern.<br>Die SPD-Fraktion beantragt daher, die Kulturamtsstelle als etablierte Gr\u00f6\u00dfe anzuerkennen und sie im Umfang einer halben, unbefristeten Stelle im Stellenplan aufzunehmen.<\/strong><\/p>\n\n\n\n<p>Nach schwierigen Coronajahren zeigte Brensbach sein Potenzial im Rahmen der 800-Jahr-Feierlichkeiten und vielen weiteren Veranstaltungen und Festen in allen Ortsteilen. Das Kulturamt war ma\u00dfgeblich an der Vorbereitung sehr vieler Aktivit\u00e4ten beteiligt. Dabei haben sich neben einmaligen Veranstaltungen auch wiederkehrende Feste etabliert. Ein weiteres Beispiel, das vom Kulturamt unterst\u00fctzt wurde, ist die Umsetzung der Initiativen der Projektgruppe Wanderwege mit ihren nachhaltigen Projekten.<\/p>\n\n\n\n<p>Nicht nur f\u00fcr die Umsetzung der 800-Jahr-Feierlichkeiten wurde das Kulturamt mit einer befristeten, halben Stelle besetzt. Denn gerade im vergangenen Jahr wurde offensichtlich, dass diese Stelle notwendig ist, um die kulturelle Entwicklung unserer Gemeinde zu f\u00f6rdern und zu unterst\u00fctzen. Diese Stelle soll nun auf Antrag der UWG-Fraktion gestrichen werden.<\/p>\n\n\n\n<p>Diesen Bestrebungen erteilt die SPD-Fraktion eine klare Absage. Denn die Einrichtung dieser Stelle ist ein notwendiger und sinnvoller Einsatz von Mitteln, um dem kulturellen Leben in unserer Gemeinde gerecht zu werden und das b\u00fcrgerschaftliche Engagement zu konsolidieren und weiterhin zu f\u00f6rdern. Es ist daher an der Zeit und dringend geboten, diese Stelle zu entfristen und als permanente Gr\u00f6\u00dfe im Stellenplan aufzunehmen.<\/p>\n\n\n\n<p><a href=\"\/downloads\/spd-antrag_staerkung_kulturamt_2024-03-12.pdf\" data-type=\"link\" data-id=\"\/downloads\/spd-antrag_staerkung_kulturamt_2024-03-12.pdf\">Vollst\u00e4ndigen Antrag lesen<\/a><\/p>\n","protected":false},"excerpt":{"rendered":"<p>Brensbach zeichnet sich durch vielf\u00e4ltige kulturelle Angebote in allen Ortsteilen aus, die auch das Miteinander in unserer Gemeinde pr\u00e4gen und Brensbach f\u00fcr alle Generationen lebenswert macht. Aus Sicht der SPD-Fraktion geh\u00f6rt es zu den wesentlichen Aufgaben der gemeindlichen Gremien sowie der Verwaltung, das b\u00fcrgerschaftliche Engagement von Vereinen, Initiativen und ehrenamtlich t\u00e4tigen Personen zu f\u00f6rdern.Die SPD-Fraktion &hellip; <a href=\"https:\/\/www.spd-brensbach.de\/?p=5786\" class=\"more-link\"><span class=\"screen-reader-text\">Antrag zur St\u00e4rkung des Kulturamts<\/span> weiterlesen <span class=\"meta-nav\">&rarr;<\/span><\/a><\/p>\n","protected":false},"author":2,"featured_media":5788,"comment_status":"closed","ping_status":"closed","sticky":false,"template":"","format":"standard","meta":{"footnotes":""},"categories":[2],"tags":[],"class_list":["post-5786","post","type-post","status-publish","format-standard","has-post-thumbnail","hentry","category-antrage"],"_links":{"self":[{"href":"https:\/\/www.spd-brensbach.de\/index.php?rest_route=\/wp\/v2\/posts\/5786","targetHints":{"allow":["GET"]}}],"collection":[{"href":"https:\/\/www.spd-brensbach.de\/index.php?rest_route=\/wp\/v2\/posts"}],"about":[{"href":"https:\/\/www.spd-brensbach.de\/index.php?rest_route=\/wp\/v2\/types\/post"}],"author":[{"embeddable":true,"href":"https:\/\/www.spd-brensbach.de\/index.php?rest_route=\/wp\/v2\/users\/2"}],"replies":[{"embeddable":true,"href":"https:\/\/www.spd-brensbach.de\/index.php?rest_route=%2Fwp%2Fv2%2Fcomments&post=5786"}],"version-history":[{"count":5,"href":"https:\/\/www.spd-brensbach.de\/index.php?rest_route=\/wp\/v2\/posts\/5786\/revisions"}],"predecessor-version":[{"id":5803,"href":"https:\/\/www.spd-brensbach.de\/index.php?rest_route=\/wp\/v2\/posts\/5786\/revisions\/5803"}],"wp:featuredmedia":[{"embeddable":true,"href":"https:\/\/www.spd-brensbach.de\/index.php?rest_route=\/wp\/v2\/media\/5788"}],"wp:attachment":[{"href":"https:\/\/www.spd-brensbach.de\/index.php?rest_route=%2Fwp%2Fv2%2Fmedia&parent=5786"}],"wp:term":[{"taxonomy":"category","embeddable":true,"href":"https:\/\/www.spd-brensbach.de\/index.php?rest_route=%2Fwp%2Fv2%2Fcategories&post=5786"},{"taxonomy":"post_tag","embeddable":true,"href":"https:\/\/www.spd-brensbach.de\/index.php?rest_route=%2Fwp%2Fv2%2Ftags&post=5786"}],"curies":[{"name":"wp","href":"https:\/\/api.w.org\/{rel}","templated":true}]}}