{"id":6540,"date":"2026-09-02T13:48:22","date_gmt":"2026-09-02T11:48:22","guid":{"rendered":"https:\/\/www.spd-brensbach.de\/?p=6540"},"modified":"2026-09-02T13:48:22","modified_gmt":"2026-09-02T11:48:22","slug":"spd-bringt-pruefantrag-zur-grundsteuer-c-ein","status":"publish","type":"post","link":"https:\/\/www.spd-brensbach.de\/?p=6540","title":{"rendered":"SPD bringt Pr\u00fcfantrag zur Grundsteuer C ein"},"content":{"rendered":"\n<p class=\"wp-block-paragraph\"><strong>Brensbach.<\/strong> Die SPD-Fraktion in der Brensbacher Gemeindevertretung hat in der Sitzung am Donnerstag, 27. August, einen <a href=\"https:\/\/www.spd-brensbach.de\/wp-content\/uploads\/2026\/09\/Antrag_der_SPD_Fraktion_zur_Pruefung_der_Einfuehrung_einer_Grundsteuer_C.pdf\" data-type=\"attachment\" data-id=\"6539\" target=\"_blank\" rel=\"noopener\">Pr\u00fcfantrag zur m\u00f6glichen Einf\u00fchrung der Grundsteuer C<\/a> eingebracht. Manuel Rug stellte den Antrag vor und warb um Zustimmung.<\/p>\n\n\n\n<p class=\"wp-block-paragraph\">Die Grundsteuer C kann f\u00fcr unbebaute, aber baureife Grundst\u00fccke erhoben werden. Aus Sicht der SPD kann sie dazu beitragen, vorhandene Baufl\u00e4chen besser zu nutzen und Baul\u00fccken zu schlie\u00dfen. \u201eSie dient in erster Linie also nicht der Beschaffung von Steuereinnahmen, sondern zielt auf die Schaffung von Wohnraum ab\u201c, erkl\u00e4rte Rug. Er bezeichnete die Grundsteuer C als \u201est\u00e4dtebauliches Lenkungsinstrument, das darauf abzielt, Baul\u00fccken zu schlie\u00dfen\u201c.<\/p>\n\n\n\n<p class=\"wp-block-paragraph\">Ob das Instrument f\u00fcr Brensbach sinnvoll und praktikabel ist, soll zun\u00e4chst gepr\u00fcft werden. Dabei sollen unter anderem die rechtlichen und organisatorischen Voraussetzungen sowie die st\u00e4dtebaulichen und finanziellen Auswirkungen betrachtet werden. Auch der mit einer Einf\u00fchrung verbundene Verwaltungsaufwand soll untersucht werden.<\/p>\n\n\n\n<p class=\"wp-block-paragraph\">\u201eSobald uns alle Informationen vorliegen, k\u00f6nnen wir in den Fraktionen und in der Gemeindevertretung ergebnisoffen diskutieren\u201c, so Rug. \u201eWir freuen uns auf den Austausch mit Ihnen.\u201c<\/p>\n\n\n\n<p class=\"wp-block-paragraph\"><strong>Baul\u00fccken im Blick<\/strong><\/p>\n\n\n\n<p class=\"wp-block-paragraph\">Christian Senker, Fraktionsvorsitzender der Brensbacher SPD, sieht die Diskussion auch im Zusammenhang mit dem neuen Baugebiet am Kirschberg. \u201eDass nun das Baugebiet am Kirschberg entsteht, geht auch auf einen Antrag der SPD-Fraktion zur\u00fcck\u201c, erinnert Senker. Ziel sei es gewesen, dem Wunsch vieler Familien nach Bauland in der eigenen Gemeinde zu entsprechen.<\/p>\n\n\n\n<p class=\"wp-block-paragraph\">Der damalige Antrag sei fraktions\u00fcbergreifend unterst\u00fctzt worden. Gleichzeitig habe es Kritik gegeben. So sei unter anderem gefordert worden, zun\u00e4chst vorhandene Baul\u00fccken zu schlie\u00dfen und den Ortsinnenbereich zu verdichten.<\/p>\n\n\n\n<p class=\"wp-block-paragraph\">\u201eDoch so einfach ist das leider nicht\u201c, erkl\u00e4rt Senker. \u201eDie allermeisten Grundst\u00fccke sind in Privatbesitz. Und anders als heutzutage gab es fr\u00fcher beim Kauf von Bauland keinerlei Fristen, bis wann gebaut werden soll.\u201c<\/p>\n\n\n\n<p class=\"wp-block-paragraph\">Die Gemeinde habe daher nur begrenzte M\u00f6glichkeiten, auf die Nutzung solcher Grundst\u00fccke Einfluss zu nehmen. Die Diskussion um die Grundsteuer C k\u00f6nne hier einen zus\u00e4tzlichen Impuls geben. \u201eDie Debatte um die Grundsteuer C kann nun aber vielleicht den ein oder anderen Grundst\u00fccksbesitzer daran erinnern, wozu die Baugrundst\u00fccke gedacht sind, und zum Bau oder Verkauf motivieren\u201c, so Senker.<\/p>\n\n\n\n<p class=\"wp-block-paragraph\">Der Pr\u00fcfantrag wurde schlie\u00dflich mit einer breiten Mehrheit aus allen Fraktionen angenommen. Eine Entscheidung \u00fcber die Einf\u00fchrung der Grundsteuer C ist damit noch nicht verbunden. Weitere Beratungen sollen folgen, sobald der Gemeindevorstand die daf\u00fcr notwendigen Informationen zusammengetragen hat.<\/p>\n\n\n\n<p class=\"wp-block-paragraph\"><\/p>\n","protected":false},"excerpt":{"rendered":"<p>Brensbach. Die SPD-Fraktion in der Brensbacher Gemeindevertretung hat in der Sitzung am Donnerstag, 27. August, einen Pr\u00fcfantrag zur m\u00f6glichen Einf\u00fchrung der Grundsteuer C eingebracht. Manuel Rug stellte den Antrag vor und warb um Zustimmung. Die Grundsteuer C kann f\u00fcr unbebaute, aber baureife Grundst\u00fccke erhoben werden. Aus Sicht der SPD kann sie dazu beitragen, vorhandene Baufl\u00e4chen &hellip; <a href=\"https:\/\/www.spd-brensbach.de\/?p=6540\" class=\"more-link\"><span class=\"screen-reader-text\">SPD bringt Pr\u00fcfantrag zur Grundsteuer C ein<\/span> weiterlesen <span class=\"meta-nav\">&rarr;<\/span><\/a><\/p>\n","protected":false},"author":2,"featured_media":6502,"comment_status":"closed","ping_status":"","sticky":false,"template":"","format":"standard","meta":{"footnotes":""},"categories":[3],"tags":[],"class_list":["post-6540","post","type-post","status-publish","format-standard","has-post-thumbnail","hentry","category-artikel"],"_links":{"self":[{"href":"https:\/\/www.spd-brensbach.de\/index.php?rest_route=\/wp\/v2\/posts\/6540","targetHints":{"allow":["GET"]}}],"collection":[{"href":"https:\/\/www.spd-brensbach.de\/index.php?rest_route=\/wp\/v2\/posts"}],"about":[{"href":"https:\/\/www.spd-brensbach.de\/index.php?rest_route=\/wp\/v2\/types\/post"}],"author":[{"embeddable":true,"href":"https:\/\/www.spd-brensbach.de\/index.php?rest_route=\/wp\/v2\/users\/2"}],"replies":[{"embeddable":true,"href":"https:\/\/www.spd-brensbach.de\/index.php?rest_route=%2Fwp%2Fv2%2Fcomments&post=6540"}],"version-history":[{"count":1,"href":"https:\/\/www.spd-brensbach.de\/index.php?rest_route=\/wp\/v2\/posts\/6540\/revisions"}],"predecessor-version":[{"id":6541,"href":"https:\/\/www.spd-brensbach.de\/index.php?rest_route=\/wp\/v2\/posts\/6540\/revisions\/6541"}],"wp:featuredmedia":[{"embeddable":true,"href":"https:\/\/www.spd-brensbach.de\/index.php?rest_route=\/wp\/v2\/media\/6502"}],"wp:attachment":[{"href":"https:\/\/www.spd-brensbach.de\/index.php?rest_route=%2Fwp%2Fv2%2Fmedia&parent=6540"}],"wp:term":[{"taxonomy":"category","embeddable":true,"href":"https:\/\/www.spd-brensbach.de\/index.php?rest_route=%2Fwp%2Fv2%2Fcategories&post=6540"},{"taxonomy":"post_tag","embeddable":true,"href":"https:\/\/www.spd-brensbach.de\/index.php?rest_route=%2Fwp%2Fv2%2Ftags&post=6540"}],"curies":[{"name":"wp","href":"https:\/\/api.w.org\/{rel}","templated":true}]}}