{"id":834,"date":"2006-01-27T21:00:36","date_gmt":"2006-01-27T19:00:36","guid":{"rendered":"http:\/\/www.spd-brensbach.de\/?p=834"},"modified":"2018-01-30T08:32:16","modified_gmt":"2018-01-30T07:32:16","slug":"spd-dankt-willi-riedel-fur-fast-vier-jahrzehnte-engagement","status":"publish","type":"post","link":"https:\/\/www.spd-brensbach.de\/?p=834","title":{"rendered":"SPD dankt Willi Riedel f\u00fcr fast vier Jahrzehnte Engagement"},"content":{"rendered":"<p><strong>Laudatio von Landrat Schnur: &#8222;Herausragende Verdienste f\u00fcr den Odenwald&#8220;<\/strong><\/p>\n<p>Im Rahmen des Neujahrsempfanges der Brensbacher SPD haben die Odenw\u00e4lder Sozialdemokraten Altb\u00fcrgermeister Willi Riedel aus der aktiven Politik verabschiedet und f\u00fcr fast vier Jahrzehnte au\u00dfergew\u00f6hnliches Engagement f\u00fcr die Region gedankt.<br \/>\nNeben den Brensbacher Genossen und Landrat Horst Schnur, der die Ehrung vornahm, waren zahlreiche langj\u00e4hrige Weggef\u00e4hrten, wie der fr\u00fchere Landtagsabgeordnete G\u00fcnter Zabel, Landrat a.D. Baldur Nothhardt, die ehemalige Bundestagsabgeordnete Dr. Erika Ober und der Vorsitzende des Kreistages R\u00fcdiger Holschuh erschienen.<\/p>\n<p>&#8222;Ich kann in meiner Rede gar nicht alle Stationen deines kommunalpolitischen Wirkens erw\u00e4hnen, selbst wenn ich das wollte.&#8220; er\u00f6ffnete Landrat Horst Schnur seine Laudatio und sagte weiter: &#8222;Jedoch kann ich erw\u00e4hnen, dass du, wie unser j\u00fcngst verstorbener Bundespr\u00e4sident Johannes Rau nach dem Leitspruch &#8218;Einen statt Spalten&#8216; stets Verantwortung f\u00fcr das Gemeinwohl \u00fcbernommen hast.<br \/>\nLieber Willi, mit deiner integrativen Art hast du es auch geschafft, nach der Gebietsreform das Ortsteildenken zu \u00fcberwinden und die Ortsteile in die Kerngemeinde einzugliedern. Auch wenn man diesen Erfolg nicht sehen kann, so kann man ihn doch deutlich sp\u00fcren. Gleiches gilt f\u00fcr deinen Einsatz f\u00fcr die V\u00f6lkerverst\u00e4ndigung. Ich wei\u00df, dass die Partnerschaft zur franz\u00f6sischen Gemeinde Ezy-sur-Eure dir immer eine Herzensangelegenheit war und ist.<br \/>\nIn dieser Zeit haben wir eng und vertrauensvoll zusammengearbeitet. Ich bedauere deinen Schritt, der aktiven Politik den R\u00fccken zu kehren. Dennoch m\u00fcssen wir akzeptieren, dass du nun andere Pl\u00e4ne hast. Gleichzeitig m\u00f6chte ich deiner Frau herzlich danken, die dich in den letzten Jahrzehnten so oft wegen der SPD entbehren musste. An eurem Beispiel kann man erkennen, dass hinter einem aktiven Mann immer auch eine starke Frau steht.&#8220;<\/p>\n<p>Willi Riedel trat im Jahre 1967 in die SPD ein. 1968 wurde er Gemeindevertreter in Brensbach und \u00fcbte von 1972 bis 1997 das Amt des B\u00fcrgermeisters aus. In dieser Zeit wurden zahlreiche Infrastrukturma\u00dfnahmen, wie der Bau der Entw\u00e4sserungsanlagen und Sporteinrichtungen, die Modernisierung der Dorfgemeinschaftsh\u00e4user und die Errichtung zeitgem\u00e4\u00dfer Kinderbetreuungseinrichtungen umgesetzt.<br \/>\nNeben seiner politischen Aktivit\u00e4t in Brensbach war Riedel von 1972 bis 1989 Kreistagsabgeordneter des Odenwaldkreises und stand dem Landrat als Kreisbeigeordneter von 1997 bis heute im Kreisausschuss zur Seite.<\/p>\n","protected":false},"excerpt":{"rendered":"<p>Laudatio von Landrat Schnur: &#8222;Herausragende Verdienste f\u00fcr den Odenwald&#8220; Im Rahmen des Neujahrsempfanges der Brensbacher SPD haben die Odenw\u00e4lder Sozialdemokraten Altb\u00fcrgermeister Willi Riedel aus der aktiven Politik verabschiedet und f\u00fcr fast vier Jahrzehnte au\u00dfergew\u00f6hnliches Engagement f\u00fcr die Region gedankt. Neben den Brensbacher Genossen und Landrat Horst Schnur, der die Ehrung vornahm, waren zahlreiche langj\u00e4hrige Weggef\u00e4hrten, &hellip; <a href=\"https:\/\/www.spd-brensbach.de\/?p=834\" class=\"more-link\"><span class=\"screen-reader-text\">SPD dankt Willi Riedel f\u00fcr fast vier Jahrzehnte Engagement<\/span> weiterlesen <span class=\"meta-nav\">&rarr;<\/span><\/a><\/p>\n","protected":false},"author":2,"featured_media":0,"comment_status":"open","ping_status":"closed","sticky":false,"template":"","format":"standard","meta":{"footnotes":""},"categories":[3],"tags":[],"class_list":["post-834","post","type-post","status-publish","format-standard","hentry","category-artikel"],"_links":{"self":[{"href":"https:\/\/www.spd-brensbach.de\/index.php?rest_route=\/wp\/v2\/posts\/834","targetHints":{"allow":["GET"]}}],"collection":[{"href":"https:\/\/www.spd-brensbach.de\/index.php?rest_route=\/wp\/v2\/posts"}],"about":[{"href":"https:\/\/www.spd-brensbach.de\/index.php?rest_route=\/wp\/v2\/types\/post"}],"author":[{"embeddable":true,"href":"https:\/\/www.spd-brensbach.de\/index.php?rest_route=\/wp\/v2\/users\/2"}],"replies":[{"embeddable":true,"href":"https:\/\/www.spd-brensbach.de\/index.php?rest_route=%2Fwp%2Fv2%2Fcomments&post=834"}],"version-history":[{"count":2,"href":"https:\/\/www.spd-brensbach.de\/index.php?rest_route=\/wp\/v2\/posts\/834\/revisions"}],"predecessor-version":[{"id":4138,"href":"https:\/\/www.spd-brensbach.de\/index.php?rest_route=\/wp\/v2\/posts\/834\/revisions\/4138"}],"wp:attachment":[{"href":"https:\/\/www.spd-brensbach.de\/index.php?rest_route=%2Fwp%2Fv2%2Fmedia&parent=834"}],"wp:term":[{"taxonomy":"category","embeddable":true,"href":"https:\/\/www.spd-brensbach.de\/index.php?rest_route=%2Fwp%2Fv2%2Fcategories&post=834"},{"taxonomy":"post_tag","embeddable":true,"href":"https:\/\/www.spd-brensbach.de\/index.php?rest_route=%2Fwp%2Fv2%2Ftags&post=834"}],"curies":[{"name":"wp","href":"https:\/\/api.w.org\/{rel}","templated":true}]}}