{"id":849,"date":"2009-03-23T22:00:14","date_gmt":"2009-03-23T20:00:14","guid":{"rendered":"http:\/\/www.spd-brensbach.de\/?p=849"},"modified":"2015-07-22T09:20:32","modified_gmt":"2015-07-22T07:20:32","slug":"hans-georg-stosiek-feierlich-ins-amt-eingefuhrt","status":"publish","type":"post","link":"https:\/\/www.spd-brensbach.de\/?p=849","title":{"rendered":"Hans-Georg Stosiek feierlich ins Amt eingef\u00fchrt"},"content":{"rendered":"<p>Im Rahmen einer feierlichen Gemeindevertreterssitzung am Montag, den 23. M\u00e4rz wurde Hans-Georg Stosiek in seine 3. Amtsperiode eingef\u00fchrt und vereidigt.<\/p>\n<p>Zu der Feierlichkeit im Gemeindezentrum Brensbach konnte Gemeindevertretervorsteher Rainer M\u00fcller zahlreiche Ehreng\u00e4ste begr\u00fc\u00dfen, unter anderem die Abgeordnete des Hessischen Landtages, Frau Judith Lannert, den Landrat des Odenwaldkreises Herrn Horst Schnur, den 1. Kreisbeigeordneten Herrn Detlev Blitz, den Kreistagsvorsitzenden Herrn R\u00fcdiger Holschuh, viele B\u00fcrgermeister aus dem Odenwaldkreis und aus Brensbach den Ehrenb\u00fcrgermeister Willi Riedel.<br \/>\n<!--more--><\/p>\n<p>In der gef\u00fcllten Kulturhalle nahm Gemeindevertretervorsteher Rainer M\u00fcller vor den rund 200 G\u00e4sten, Gemeindevertretern und Repr\u00e4sentanten der \u00f6rtlichen Vereine die nach der hessischen Gemeindeordnung vorgesehene Vereidigung des im Oktober 2008 wiedergew\u00e4hlten B\u00fcrgermeisters Hans-Georg Stosiek vor. Anschlie\u00dfend h\u00e4ndigte der 1. Beigeordnete Helmut Kaffenberger die Ernennungsurkunde f\u00fcr die im April 2009 beginnende 3. Amtsperiode aus. Gru\u00dfworte entrichtete Landrat Horst Schnur, der die Verdienste und das Engagement Hans-Georg Stosieks f\u00fcr Brensbach, den Odenwald und \u00fcber die Kreisgrenzen hinaus unterstrich.<br \/>\nB\u00fcrgermeister Stosiek dankte in seiner Ansprache insbesondere den B\u00fcrgern und B\u00fcrgerinnen Brensbachs f\u00fcr deren Vertrauen in seine Arbeit und pl\u00e4dierte f\u00fcr eine weiterhin gute und konstruktive Zusammenarbeit zum Wohle Brensbachs.<\/p>\n<p>Aufgelockert und musikalisch untermalt wurde die festliche Veranstaltung durch anspruchsvolle und virtuose Lied- und Musikvortr\u00e4ge des MGV Wersau, der Chorgemeinschaft Nieder-Kainsbach\/Affh\u00f6llerbach und der Gruppe &#8222;The Second Voice&#8220; von der Musikschule des Odenwalds.<br \/>\nMit einem kabarettistischen Gru\u00dfwort &#8222;Schorsch die Dritte&#8220; brillierte Bernd H\u00fcbner, der die Kulturhalle mit seinem ironischspa\u00dfigen &#8222;zur\u00fcckblickenden Vorblick&#8220; ein ums andere Mal zum Lachen brachte.<br \/>\nEine beeindruckende Performance der Stepptanzgruppe der &#8222;Tanzsportgemeinschaft 2008 Brensbach-Schnellerts e.V.&#8220; zog zum Schluss noch einmal alle Zuschauer in ihren Bann.<\/p>\n<p>Nach Abschluss der feierlichen Gemeindevertretersitzung lie\u00dfen die G\u00e4ste zu einem von den Landfrauen Brensbach appetitlich zubereiteten Odenw\u00e4lder Imbiss sowie mit Bier der Michelst\u00e4dter Brauerei in gem\u00fctlicher Runde den Abend ausklingen.<\/p>\n","protected":false},"excerpt":{"rendered":"<p>Im Rahmen einer feierlichen Gemeindevertreterssitzung am Montag, den 23. M\u00e4rz wurde Hans-Georg Stosiek in seine 3. Amtsperiode eingef\u00fchrt und vereidigt. Zu der Feierlichkeit im Gemeindezentrum Brensbach konnte Gemeindevertretervorsteher Rainer M\u00fcller zahlreiche Ehreng\u00e4ste begr\u00fc\u00dfen, unter anderem die Abgeordnete des Hessischen Landtages, Frau Judith Lannert, den Landrat des Odenwaldkreises Herrn Horst Schnur, den 1. Kreisbeigeordneten Herrn Detlev &hellip; <a href=\"https:\/\/www.spd-brensbach.de\/?p=849\" class=\"more-link\"><span class=\"screen-reader-text\">Hans-Georg Stosiek feierlich ins Amt eingef\u00fchrt<\/span> weiterlesen <span class=\"meta-nav\">&rarr;<\/span><\/a><\/p>\n","protected":false},"author":2,"featured_media":2242,"comment_status":"open","ping_status":"closed","sticky":false,"template":"","format":"standard","meta":{"footnotes":""},"categories":[3],"tags":[],"class_list":["post-849","post","type-post","status-publish","format-standard","has-post-thumbnail","hentry","category-artikel"],"_links":{"self":[{"href":"https:\/\/www.spd-brensbach.de\/index.php?rest_route=\/wp\/v2\/posts\/849","targetHints":{"allow":["GET"]}}],"collection":[{"href":"https:\/\/www.spd-brensbach.de\/index.php?rest_route=\/wp\/v2\/posts"}],"about":[{"href":"https:\/\/www.spd-brensbach.de\/index.php?rest_route=\/wp\/v2\/types\/post"}],"author":[{"embeddable":true,"href":"https:\/\/www.spd-brensbach.de\/index.php?rest_route=\/wp\/v2\/users\/2"}],"replies":[{"embeddable":true,"href":"https:\/\/www.spd-brensbach.de\/index.php?rest_route=%2Fwp%2Fv2%2Fcomments&post=849"}],"version-history":[{"count":3,"href":"https:\/\/www.spd-brensbach.de\/index.php?rest_route=\/wp\/v2\/posts\/849\/revisions"}],"predecessor-version":[{"id":2633,"href":"https:\/\/www.spd-brensbach.de\/index.php?rest_route=\/wp\/v2\/posts\/849\/revisions\/2633"}],"wp:featuredmedia":[{"embeddable":true,"href":"https:\/\/www.spd-brensbach.de\/index.php?rest_route=\/wp\/v2\/media\/2242"}],"wp:attachment":[{"href":"https:\/\/www.spd-brensbach.de\/index.php?rest_route=%2Fwp%2Fv2%2Fmedia&parent=849"}],"wp:term":[{"taxonomy":"category","embeddable":true,"href":"https:\/\/www.spd-brensbach.de\/index.php?rest_route=%2Fwp%2Fv2%2Fcategories&post=849"},{"taxonomy":"post_tag","embeddable":true,"href":"https:\/\/www.spd-brensbach.de\/index.php?rest_route=%2Fwp%2Fv2%2Ftags&post=849"}],"curies":[{"name":"wp","href":"https:\/\/api.w.org\/{rel}","templated":true}]}}